{"id":3816,"date":"2023-12-04T10:25:59","date_gmt":"2023-12-04T13:25:59","guid":{"rendered":"https:\/\/jeffersonisac.adv.br\/index.php\/2023\/12\/04\/comissao-debate-eliminacao-da-tuberculose-como-problema-de-saude-publica\/"},"modified":"2023-12-04T10:25:59","modified_gmt":"2023-12-04T13:25:59","slug":"comissao-debate-eliminacao-da-tuberculose-como-problema-de-saude-publica","status":"publish","type":"post","link":"https:\/\/jeffersonisac.adv.br\/index.php\/2023\/12\/04\/comissao-debate-eliminacao-da-tuberculose-como-problema-de-saude-publica\/","title":{"rendered":"Comiss\u00e3o debate elimina\u00e7\u00e3o da tuberculose como problema de sa\u00fade p\u00fablica"},"content":{"rendered":"<div class=\"image-container\">\n<div class=\"midia-creditos\"><em>GettyImages<\/em><\/div>\n<div class=\"media-wrapper\"><\/div>\n<div class=\"midia-legenda\">Tuberculose afeta especialmente popula\u00e7\u00f5es vulner\u00e1veis<\/div>\n<\/div>\n<p>A <span class=\"termoGlossario\">comiss\u00e3o externa<\/span> sobre o enfrentamento da tuberculose debate, na ter\u00e7a-feira (5), a elimina\u00e7\u00e3o da doen\u00e7a como problema de sa\u00fade p\u00fablica. A reuni\u00e3o ser\u00e1 realizada \u00e0s 9h30, no plen\u00e1rio 8.<\/p>\n<p>O debate foi solicitado pelo deputado Antonio Brito (PSD-BA). Ele destaca que a tuberculose continua a ser uma das principais causas de morbidade e mortalidade em muitas partes do mundo, inclusive no Brasil, afetando especialmente popula\u00e7\u00f5es em situa\u00e7\u00e3o de vulnerabilidade.<\/p>\n<p>&#8220;A tuberculose possui um fardo econ\u00f4mico significativo devido aos custos\u00a0 do tratamento prolongado, contribuindo para a perpetua\u00e7\u00e3o da pobreza, pois afeta o poder financeiro do doente e de sua fam\u00edlia&#8221;, afirma o parlamentar.<\/p>\n<p>Antonio Brito destaca ainda urg\u00eancia de a\u00e7\u00f5es coordenadas para abordar a tuberculose e compartilhar informa\u00e7\u00f5es atualizadas sobre estrat\u00e9gias de preven\u00e7\u00e3o e tratamento.<\/p>\n<p><a href=\"https:\/\/www.camara.leg.br\/evento-legislativo\/71256\">Veja a lista de convidados<\/a><\/p>","protected":false},"excerpt":{"rendered":"<p>GettyImages Tuberculose afeta especialmente popula\u00e7\u00f5es vulner\u00e1veis A comiss\u00e3o externa sobre o enfrentamento da tuberculose debate, na ter\u00e7a-feira (5), a elimina\u00e7\u00e3o da doen\u00e7a como problema de sa\u00fade p\u00fablica. A reuni\u00e3o ser\u00e1 realizada \u00e0s 9h30, no plen\u00e1rio 8. O debate foi solicitado pelo deputado Antonio Brito (PSD-BA). Ele destaca que a tuberculose continua a ser uma das [&hellip;]<\/p>\n","protected":false},"author":0,"featured_media":0,"comment_status":"open","ping_status":"open","sticky":false,"template":"","format":"standard","meta":{"footnotes":""},"categories":[1],"tags":[],"_links":{"self":[{"href":"https:\/\/jeffersonisac.adv.br\/index.php\/wp-json\/wp\/v2\/posts\/3816"}],"collection":[{"href":"https:\/\/jeffersonisac.adv.br\/index.php\/wp-json\/wp\/v2\/posts"}],"about":[{"href":"https:\/\/jeffersonisac.adv.br\/index.php\/wp-json\/wp\/v2\/types\/post"}],"replies":[{"embeddable":true,"href":"https:\/\/jeffersonisac.adv.br\/index.php\/wp-json\/wp\/v2\/comments?post=3816"}],"version-history":[{"count":0,"href":"https:\/\/jeffersonisac.adv.br\/index.php\/wp-json\/wp\/v2\/posts\/3816\/revisions"}],"wp:attachment":[{"href":"https:\/\/jeffersonisac.adv.br\/index.php\/wp-json\/wp\/v2\/media?parent=3816"}],"wp:term":[{"taxonomy":"category","embeddable":true,"href":"https:\/\/jeffersonisac.adv.br\/index.php\/wp-json\/wp\/v2\/categories?post=3816"},{"taxonomy":"post_tag","embeddable":true,"href":"https:\/\/jeffersonisac.adv.br\/index.php\/wp-json\/wp\/v2\/tags?post=3816"}],"curies":[{"name":"wp","href":"https:\/\/api.w.org\/{rel}","templated":true}]}}