{"id":3823,"date":"2023-12-04T12:08:48","date_gmt":"2023-12-04T15:08:48","guid":{"rendered":"https:\/\/jeffersonisac.adv.br\/index.php\/2023\/12\/04\/comissao-aprova-equiparacao-de-outros-agentes-de-saude-aos-agentes-comunitarios-e-de-combate-a-endemias\/"},"modified":"2023-12-04T12:08:48","modified_gmt":"2023-12-04T15:08:48","slug":"comissao-aprova-equiparacao-de-outros-agentes-de-saude-aos-agentes-comunitarios-e-de-combate-a-endemias","status":"publish","type":"post","link":"https:\/\/jeffersonisac.adv.br\/index.php\/2023\/12\/04\/comissao-aprova-equiparacao-de-outros-agentes-de-saude-aos-agentes-comunitarios-e-de-combate-a-endemias\/","title":{"rendered":"Comiss\u00e3o aprova equipara\u00e7\u00e3o de outros agentes de sa\u00fade aos agentes comunit\u00e1rios e de combate a endemias"},"content":{"rendered":"<div class=\"image-container\">\n<div class=\"midia-creditos\"><em>Mario Agra\/C\u00e2mara dos Deputados<\/em><\/div>\n<div class=\"media-wrapper\"><\/div>\n<div class=\"midia-legenda\">Carlos Veras recomendou a aprova\u00e7\u00e3o de substitutivo<\/div>\n<\/div>\n<p>A Comiss\u00e3o de Trabalho da C\u00e2mara dos Deputados aprovou projeto de lei que equipara agentes de vigil\u00e2ncia sanit\u00e1ria, agentes ind\u00edgenas de sa\u00fade e de saneamento, aos agentes comunit\u00e1rios de sa\u00fade (ACS) e de combate \u00e0s endemias (ACE). Com isso, se a lei foi definitivamente aprovada, todos esses agentes ter\u00e3o direito ao piso salarial dois sal\u00e1rios m\u00ednimos (hoje R$ 2.640).<\/p>\n<p>A proposta precisar ser analisada, em <span class=\"termoGlossario\">car\u00e1ter conclusivo<\/span>, por duas comiss\u00f5es: Finan\u00e7as e Tributa\u00e7\u00e3o e Constitui\u00e7\u00e3o e Justi\u00e7a e de Cidadania. Depois, precisa ser aprovada pelo Senado.<\/p>\n<p>O texto aprovado foi um <span class=\"termoGlossario\">substitutivo<\/span> relator, deputado Carlos Veras (PT-PE), ao <a class=\"linkProposicao\" href=\"https:\/\/www.camara.leg.br\/noticias\/788466-projeto-equipara-agentes-de-vigilancia-a-agentes-comunitarios-e-de-combate-a-endemias\">Projeto de Lei 1126\/21<\/a>, do deputado Wilson Santiago (Republicanos-PB). O texto original equiparava apenas os agente de vigil\u00e2ncia sanit\u00e1ria.<\/p>\n<p>\u201cDe modo correlato, a presta\u00e7\u00e3o de servi\u00e7os pelos agentes ind\u00edgenas sofre dos mesmos problemas que j\u00e1 afetaram os agentes comunit\u00e1rios de sa\u00fade: v\u00ednculos prec\u00e1rios, inseguran\u00e7a jur\u00eddica, descontinuidade dos contratos, etc\u201d, disse.<\/p>\n<p>O\u00a0projeto altera a <a href=\"https:\/\/www2.camara.leg.br\/legin\/fed\/lei\/2006\/lei-11350-5-outubro-2006-545707-norma-pl.html\">Lei 11.350\/06<\/a>, que regulamenta o trabalho de ACS e de ACE.<\/p>\n<p><strong>Regras<br \/>\n<\/strong>O texto aprovado define vigil\u00e2ncia sanit\u00e1ria como o conjunto de a\u00e7\u00f5es capazes de eliminar, diminuir ou prevenir riscos \u00e0 sa\u00fade e de intervir nos problemas sanit\u00e1rios decorrentes do meio ambiente, da produ\u00e7\u00e3o e circula\u00e7\u00e3o de bens e da presta\u00e7\u00e3o de servi\u00e7os de interesse da sa\u00fade.<\/p>\n<p>Em rela\u00e7\u00e3o aos agentes ind\u00edgenas, o texto estabelece ainda que:<\/p>\n<p>ser\u00e3o contratados por processo seletivo p\u00fablico, que contar\u00e1 com a participa\u00e7\u00e3o das comunidades Ind\u00edgenas;<br \/>\ndevem, entre outras prerrogativas, realizar a\u00e7\u00f5es de primeiros socorros, considerando pr\u00e1ticas e saberes tradicionais, e planejar solu\u00e7\u00f5es de saneamento adequadas e vi\u00e1veis para as comunidades ind\u00edgenas;<br \/>\nas atividades ser\u00e3o reguladas pelo Sistema \u00danico de Sa\u00fade (SUS).<\/p>\n<p><a href=\"https:\/\/www.camara.leg.br\/noticias\/573454-SAIBA-MAIS-SOBRE-A-TRAMITACAO-DE-PROJETOS-DE-LEI\">Saiba mais sobre a tramita\u00e7\u00e3o de projetos de lei<\/a><\/p>","protected":false},"excerpt":{"rendered":"<p>Mario Agra\/C\u00e2mara dos Deputados Carlos Veras recomendou a aprova\u00e7\u00e3o de substitutivo A Comiss\u00e3o de Trabalho da C\u00e2mara dos Deputados aprovou projeto de lei que equipara agentes de vigil\u00e2ncia sanit\u00e1ria, agentes ind\u00edgenas de sa\u00fade e de saneamento, aos agentes comunit\u00e1rios de sa\u00fade (ACS) e de combate \u00e0s endemias (ACE). Com isso, se a lei foi definitivamente [&hellip;]<\/p>\n","protected":false},"author":0,"featured_media":0,"comment_status":"open","ping_status":"open","sticky":false,"template":"","format":"standard","meta":{"footnotes":""},"categories":[1],"tags":[],"_links":{"self":[{"href":"https:\/\/jeffersonisac.adv.br\/index.php\/wp-json\/wp\/v2\/posts\/3823"}],"collection":[{"href":"https:\/\/jeffersonisac.adv.br\/index.php\/wp-json\/wp\/v2\/posts"}],"about":[{"href":"https:\/\/jeffersonisac.adv.br\/index.php\/wp-json\/wp\/v2\/types\/post"}],"replies":[{"embeddable":true,"href":"https:\/\/jeffersonisac.adv.br\/index.php\/wp-json\/wp\/v2\/comments?post=3823"}],"version-history":[{"count":0,"href":"https:\/\/jeffersonisac.adv.br\/index.php\/wp-json\/wp\/v2\/posts\/3823\/revisions"}],"wp:attachment":[{"href":"https:\/\/jeffersonisac.adv.br\/index.php\/wp-json\/wp\/v2\/media?parent=3823"}],"wp:term":[{"taxonomy":"category","embeddable":true,"href":"https:\/\/jeffersonisac.adv.br\/index.php\/wp-json\/wp\/v2\/categories?post=3823"},{"taxonomy":"post_tag","embeddable":true,"href":"https:\/\/jeffersonisac.adv.br\/index.php\/wp-json\/wp\/v2\/tags?post=3823"}],"curies":[{"name":"wp","href":"https:\/\/api.w.org\/{rel}","templated":true}]}}