{"id":3829,"date":"2023-12-04T13:42:04","date_gmt":"2023-12-04T16:42:04","guid":{"rendered":"https:\/\/jeffersonisac.adv.br\/index.php\/2023\/12\/04\/combate-ao-cancer-e-tema-de-audiencia-na-camara\/"},"modified":"2023-12-04T13:42:04","modified_gmt":"2023-12-04T16:42:04","slug":"combate-ao-cancer-e-tema-de-audiencia-na-camara","status":"publish","type":"post","link":"https:\/\/jeffersonisac.adv.br\/index.php\/2023\/12\/04\/combate-ao-cancer-e-tema-de-audiencia-na-camara\/","title":{"rendered":"Combate ao c\u00e2ncer \u00e9 tema de audi\u00eancia na C\u00e2mara"},"content":{"rendered":"<div class=\"image-container\">\n<div class=\"midia-creditos\"><em>agrobacter\/GettyImages<\/em><\/div>\n<div class=\"media-wrapper\"><\/div>\n<div class=\"midia-legenda\">At\u00e9 2025 devem ser registrados 704 mil casos novos de c\u00e2ncer<\/div>\n<\/div>\n<p>A Comiss\u00e3o de Sa\u00fade da C\u00e2mara dos Deputados discute na quarta-feira (6) o diagn\u00f3stico precoce e o combate ao c\u00e2ncer no Brasil. A audi\u00eancia ser\u00e1 realizada no plen\u00e1rio 7, a partir das 8 horas.<\/p>\n<p><a href=\"https:\/\/www.camara.leg.br\/evento-legislativo\/71432\">Veja quem foi convidado para falar sobre o assunto<\/a><\/p>\n<p>O Instituto Nacional do C\u00e2ncer (Inca) estima que, de 2023 a 2025, sejam registrados 704 mil casos novos da doen\u00e7a, incluindo os de pele n\u00e3o melanoma.<\/p>\n<p>Sem contar o c\u00e2ncer de pele n\u00e3o melanoma, os tipos mais frequentes s\u00e3o pr\u00f3stata e mama, e, sem segundo lugar, c\u00f3lon e reto.<\/p>","protected":false},"excerpt":{"rendered":"<p>agrobacter\/GettyImages At\u00e9 2025 devem ser registrados 704 mil casos novos de c\u00e2ncer A Comiss\u00e3o de Sa\u00fade da C\u00e2mara dos Deputados discute na quarta-feira (6) o diagn\u00f3stico precoce e o combate ao c\u00e2ncer no Brasil. A audi\u00eancia ser\u00e1 realizada no plen\u00e1rio 7, a partir das 8 horas. Veja quem foi convidado para falar sobre o assunto [&hellip;]<\/p>\n","protected":false},"author":0,"featured_media":0,"comment_status":"open","ping_status":"open","sticky":false,"template":"","format":"standard","meta":{"footnotes":""},"categories":[1],"tags":[],"_links":{"self":[{"href":"https:\/\/jeffersonisac.adv.br\/index.php\/wp-json\/wp\/v2\/posts\/3829"}],"collection":[{"href":"https:\/\/jeffersonisac.adv.br\/index.php\/wp-json\/wp\/v2\/posts"}],"about":[{"href":"https:\/\/jeffersonisac.adv.br\/index.php\/wp-json\/wp\/v2\/types\/post"}],"replies":[{"embeddable":true,"href":"https:\/\/jeffersonisac.adv.br\/index.php\/wp-json\/wp\/v2\/comments?post=3829"}],"version-history":[{"count":0,"href":"https:\/\/jeffersonisac.adv.br\/index.php\/wp-json\/wp\/v2\/posts\/3829\/revisions"}],"wp:attachment":[{"href":"https:\/\/jeffersonisac.adv.br\/index.php\/wp-json\/wp\/v2\/media?parent=3829"}],"wp:term":[{"taxonomy":"category","embeddable":true,"href":"https:\/\/jeffersonisac.adv.br\/index.php\/wp-json\/wp\/v2\/categories?post=3829"},{"taxonomy":"post_tag","embeddable":true,"href":"https:\/\/jeffersonisac.adv.br\/index.php\/wp-json\/wp\/v2\/tags?post=3829"}],"curies":[{"name":"wp","href":"https:\/\/api.w.org\/{rel}","templated":true}]}}