{"id":3835,"date":"2023-12-04T17:45:31","date_gmt":"2023-12-04T20:45:31","guid":{"rendered":"https:\/\/jeffersonisac.adv.br\/index.php\/2023\/12\/04\/comissao-aprova-obrigatoriedade-de-interprete-de-libras-em-locais-turisticos\/"},"modified":"2023-12-04T17:45:31","modified_gmt":"2023-12-04T20:45:31","slug":"comissao-aprova-obrigatoriedade-de-interprete-de-libras-em-locais-turisticos","status":"publish","type":"post","link":"https:\/\/jeffersonisac.adv.br\/index.php\/2023\/12\/04\/comissao-aprova-obrigatoriedade-de-interprete-de-libras-em-locais-turisticos\/","title":{"rendered":"Comiss\u00e3o aprova obrigatoriedade de int\u00e9rprete de Libras em locais tur\u00edsticos"},"content":{"rendered":"<div class=\"image-container\">\n<div class=\"midia-creditos\"><em>Vinicius Loures\/C\u00e2mara dos Deputados<\/em><\/div>\n<div class=\"media-wrapper\"><\/div>\n<div class=\"midia-legenda\">Alfredinho incluiu no texto o uso de tecnologias assistivas que utilizem Libras<\/div>\n<\/div>\n<p>A Comiss\u00e3o de Cultura da C\u00e2mara dos Deputados aprovou o Projeto de Lei 2273\/23, que obriga a presen\u00e7a de int\u00e9rprete de L\u00edngua Brasileira de Sinais (Libras) em locais p\u00fablicos destinados ao turismo.<\/p>\n<p>Conforme o autor, deputado Murilo Galdino (Republicanos-PB), a ideia \u00e9 promover a inclus\u00e3o dos turistas deficientes auditivos, bem como seu acesso a todas as informa\u00e7\u00f5es necess\u00e1rias sobre os locais tur\u00edsticos.<\/p>\n<p>O relator, deputado Alfredinho (PT-SP), defendeu a iniciativa que, segundo ele, \u00e9 \u201cde fundamental import\u00e2ncia para garantir o direito de acesso \u00e0 cultura por parte desses cidad\u00e3os\u201d.<\/p>\n<p>Inspirado na experi\u00eancia do Bosque da Ci\u00eancia, do Instituto Nacional de Pesquisas da Amaz\u00f4nia (Inpa\/MCTIC), em Manaus, Alfredinho prop\u00f4s <span class=\"termoGlossario\">emenda<\/span> para a inclus\u00e3o, nos roteiros tur\u00edsticos, de instrumentos de tecnologia assistiva que utilizem Libras.<\/p>\n<p><strong>Tramita\u00e7\u00e3o<\/strong><br \/>\nA proposta ser\u00e1 analisada de forma <span class=\"termoGlossario\">conclusiva<\/span> pelas comiss\u00f5es de Defesa dos Direitos das Pessoas com Defici\u00eancia; de Finan\u00e7as e Tributa\u00e7\u00e3o; e de Constitui\u00e7\u00e3o e Justi\u00e7a e de Cidadania.<\/p>\n<p><a href=\"https:\/\/www.camara.leg.br\/noticias\/573454-SAIBA-MAIS-SOBRE-A-TRAMITACAO-DE-PROJETOS-DE-LEI\">Saiba mais sobre a tramita\u00e7\u00e3o de projetos de lei<\/a><\/p>","protected":false},"excerpt":{"rendered":"<p>Vinicius Loures\/C\u00e2mara dos Deputados Alfredinho incluiu no texto o uso de tecnologias assistivas que utilizem Libras A Comiss\u00e3o de Cultura da C\u00e2mara dos Deputados aprovou o Projeto de Lei 2273\/23, que obriga a presen\u00e7a de int\u00e9rprete de L\u00edngua Brasileira de Sinais (Libras) em locais p\u00fablicos destinados ao turismo. Conforme o autor, deputado Murilo Galdino (Republicanos-PB), [&hellip;]<\/p>\n","protected":false},"author":0,"featured_media":0,"comment_status":"open","ping_status":"open","sticky":false,"template":"","format":"standard","meta":{"footnotes":""},"categories":[1],"tags":[],"_links":{"self":[{"href":"https:\/\/jeffersonisac.adv.br\/index.php\/wp-json\/wp\/v2\/posts\/3835"}],"collection":[{"href":"https:\/\/jeffersonisac.adv.br\/index.php\/wp-json\/wp\/v2\/posts"}],"about":[{"href":"https:\/\/jeffersonisac.adv.br\/index.php\/wp-json\/wp\/v2\/types\/post"}],"replies":[{"embeddable":true,"href":"https:\/\/jeffersonisac.adv.br\/index.php\/wp-json\/wp\/v2\/comments?post=3835"}],"version-history":[{"count":0,"href":"https:\/\/jeffersonisac.adv.br\/index.php\/wp-json\/wp\/v2\/posts\/3835\/revisions"}],"wp:attachment":[{"href":"https:\/\/jeffersonisac.adv.br\/index.php\/wp-json\/wp\/v2\/media?parent=3835"}],"wp:term":[{"taxonomy":"category","embeddable":true,"href":"https:\/\/jeffersonisac.adv.br\/index.php\/wp-json\/wp\/v2\/categories?post=3835"},{"taxonomy":"post_tag","embeddable":true,"href":"https:\/\/jeffersonisac.adv.br\/index.php\/wp-json\/wp\/v2\/tags?post=3835"}],"curies":[{"name":"wp","href":"https:\/\/api.w.org\/{rel}","templated":true}]}}