{"id":3841,"date":"2023-12-05T09:45:37","date_gmt":"2023-12-05T12:45:37","guid":{"rendered":"https:\/\/jeffersonisac.adv.br\/index.php\/2023\/12\/05\/tv-3-0-conhecida-como-a-tv-do-futuro-deve-ser-implementada-a-partir-de-2025-dizem-debatedores\/"},"modified":"2023-12-05T09:45:37","modified_gmt":"2023-12-05T12:45:37","slug":"tv-3-0-conhecida-como-a-tv-do-futuro-deve-ser-implementada-a-partir-de-2025-dizem-debatedores","status":"publish","type":"post","link":"https:\/\/jeffersonisac.adv.br\/index.php\/2023\/12\/05\/tv-3-0-conhecida-como-a-tv-do-futuro-deve-ser-implementada-a-partir-de-2025-dizem-debatedores\/","title":{"rendered":"TV 3.0, conhecida como a TV do futuro, deve ser implementada a partir de 2025, dizem debatedores"},"content":{"rendered":"<div class=\"video-container youtube youtube-100\">\n<div class=\"midia-creditos\"><\/div>\n<p class=\"\">\n<div class=\"midia-legenda\"><\/div>\n<\/p><\/div>\n<p>O Conselho de Comunica\u00e7\u00e3o Social do Congresso Nacional debateu, na segunda-feira (4), a chamada TV 3.0. Entendida como a TV do futuro, a TV 3.0 prev\u00ea inova\u00e7\u00f5es como imagem com mais qualidade do que a tecnologia HD e som imersivo.<\/p>\n<p>A conselheira Valderez Donzelli explica que haver\u00e1 grandes mudan\u00e7as para o p\u00fablico telespectador.<\/p>\n<p>Segundo o diretor do departamento de inova\u00e7\u00e3o, regulamenta\u00e7\u00e3o e fiscaliza\u00e7\u00e3o do Minist\u00e9rio das Comunica\u00e7\u00f5es, Tawfic Awwad Junior, o sistema dever\u00e1 ser implementado a partir de 2025.<\/p>","protected":false},"excerpt":{"rendered":"<p>O Conselho de Comunica\u00e7\u00e3o Social do Congresso Nacional debateu, na segunda-feira (4), a chamada TV 3.0. Entendida como a TV do futuro, a TV 3.0 prev\u00ea inova\u00e7\u00f5es como imagem com mais qualidade do que a tecnologia HD e som imersivo. A conselheira Valderez Donzelli explica que haver\u00e1 grandes mudan\u00e7as para o p\u00fablico telespectador. Segundo o [&hellip;]<\/p>\n","protected":false},"author":0,"featured_media":0,"comment_status":"open","ping_status":"open","sticky":false,"template":"","format":"standard","meta":{"footnotes":""},"categories":[1],"tags":[],"_links":{"self":[{"href":"https:\/\/jeffersonisac.adv.br\/index.php\/wp-json\/wp\/v2\/posts\/3841"}],"collection":[{"href":"https:\/\/jeffersonisac.adv.br\/index.php\/wp-json\/wp\/v2\/posts"}],"about":[{"href":"https:\/\/jeffersonisac.adv.br\/index.php\/wp-json\/wp\/v2\/types\/post"}],"replies":[{"embeddable":true,"href":"https:\/\/jeffersonisac.adv.br\/index.php\/wp-json\/wp\/v2\/comments?post=3841"}],"version-history":[{"count":0,"href":"https:\/\/jeffersonisac.adv.br\/index.php\/wp-json\/wp\/v2\/posts\/3841\/revisions"}],"wp:attachment":[{"href":"https:\/\/jeffersonisac.adv.br\/index.php\/wp-json\/wp\/v2\/media?parent=3841"}],"wp:term":[{"taxonomy":"category","embeddable":true,"href":"https:\/\/jeffersonisac.adv.br\/index.php\/wp-json\/wp\/v2\/categories?post=3841"},{"taxonomy":"post_tag","embeddable":true,"href":"https:\/\/jeffersonisac.adv.br\/index.php\/wp-json\/wp\/v2\/tags?post=3841"}],"curies":[{"name":"wp","href":"https:\/\/api.w.org\/{rel}","templated":true}]}}