{"id":3846,"date":"2023-12-05T11:41:07","date_gmt":"2023-12-05T14:41:07","guid":{"rendered":"https:\/\/jeffersonisac.adv.br\/index.php\/2023\/12\/05\/seminario-discute-politica-de-valorizacao-das-educadoras-infantis\/"},"modified":"2023-12-05T11:41:07","modified_gmt":"2023-12-05T14:41:07","slug":"seminario-discute-politica-de-valorizacao-das-educadoras-infantis","status":"publish","type":"post","link":"https:\/\/jeffersonisac.adv.br\/index.php\/2023\/12\/05\/seminario-discute-politica-de-valorizacao-das-educadoras-infantis\/","title":{"rendered":"Semin\u00e1rio discute pol\u00edtica de valoriza\u00e7\u00e3o das educadoras infantis"},"content":{"rendered":"<div class=\"image-container\">\n<div class=\"midia-creditos\"><em>Marcos Pastich\/Prefeitura do Recife<\/em><\/div>\n<div class=\"media-wrapper\"><\/div>\n<div class=\"midia-legenda\">Trabalho feito pelas professoras \u00e9 essencial para o desenvolvimento das crian\u00e7as<\/div>\n<\/div>\n<p>A C\u00e2mara dos Deputados promove nesta sexta-feira (8) o semin\u00e1rio &#8220;G\u00eanero, ra\u00e7a, cuidado e educa\u00e7\u00e3o: valoriza\u00e7\u00e3o das educadoras infantis&#8221;. O debate ser\u00e1 realizado no Audit\u00f3rio Nereu Ramos, a partir das 13h30.<\/p>\n<p><a href=\"https:\/\/www.camara.leg.br\/evento-legislativo\/71161\">Confira a lista de convidados<\/a><\/p>\n<p>O evento \u00e9 uma parceria das comiss\u00f5es de Educa\u00e7\u00e3o; de Administra\u00e7\u00e3o e Servi\u00e7o P\u00fablico; de Defesa dos Direitos da Mulher; e de Trabalho. A reuni\u00e3o atende a requerimentos dos deputados Professora Luciene Cavalcante (Psol-SP), Tarc\u00edsio Motta (Psol-RJ), Rafael Brito (MDB-AL), Reimont (PT-RJ), Rog\u00e9rio Correia (PT-MG) e Erika Hilton (Psol-SP).<\/p>\n<p>Professora Luciene Cavalcante ressalta que o trabalho exercido na educa\u00e7\u00e3o de crian\u00e7as de 0 a 3 anos \u00e9 exercido quase que exclusivamente por mulheres. Segundo o Censo Escolar 2022, elas representam 97,2% dos profissionais nas creches e 94,2% na pr\u00e9-escola.<\/p>\n<p>Segundo a parlamentar, \u00e9 urgente elaborar pol\u00edticas p\u00fablicas que garantam o direito dessas profissionais serem reconhecidas na carreira do magist\u00e9rio, retirando da invisibilidade o trabalho pedag\u00f3gico que desempenham.<\/p>\n<p>&#8220;Apesar de a primeira inf\u00e2ncia ser um per\u00edodo crucial para o desenvolvimento integral do ser humano, essas profissionais enfrentam uma s\u00e9rie de desafios, como baixos sal\u00e1rios, falta de reconhecimento, carga hor\u00e1ria excessiva, entre outros&#8221;, aponta.<\/p>\n<p>Luciene Cavalcante acrescenta que o trabalho pedag\u00f3gico nessa primeira etapa da educa\u00e7\u00e3o b\u00e1sica abrange uma s\u00e9rie de atividades essenciais para o desenvolvimento dos alunos. &#8220;Inclui desde a\u00e7\u00f5es relacionadas a higiene, alimenta\u00e7\u00e3o e locomo\u00e7\u00e3o, bem como o fornecimento de apoio emocional, escuta ativa, estabelecimento de v\u00ednculos afetivos, consolo e encorajamento&#8221;, enumera.<\/p>","protected":false},"excerpt":{"rendered":"<p>Marcos Pastich\/Prefeitura do Recife Trabalho feito pelas professoras \u00e9 essencial para o desenvolvimento das crian\u00e7as A C\u00e2mara dos Deputados promove nesta sexta-feira (8) o semin\u00e1rio &#8220;G\u00eanero, ra\u00e7a, cuidado e educa\u00e7\u00e3o: valoriza\u00e7\u00e3o das educadoras infantis&#8221;. O debate ser\u00e1 realizado no Audit\u00f3rio Nereu Ramos, a partir das 13h30. Confira a lista de convidados O evento \u00e9 uma [&hellip;]<\/p>\n","protected":false},"author":0,"featured_media":0,"comment_status":"open","ping_status":"open","sticky":false,"template":"","format":"standard","meta":{"footnotes":""},"categories":[1],"tags":[],"_links":{"self":[{"href":"https:\/\/jeffersonisac.adv.br\/index.php\/wp-json\/wp\/v2\/posts\/3846"}],"collection":[{"href":"https:\/\/jeffersonisac.adv.br\/index.php\/wp-json\/wp\/v2\/posts"}],"about":[{"href":"https:\/\/jeffersonisac.adv.br\/index.php\/wp-json\/wp\/v2\/types\/post"}],"replies":[{"embeddable":true,"href":"https:\/\/jeffersonisac.adv.br\/index.php\/wp-json\/wp\/v2\/comments?post=3846"}],"version-history":[{"count":0,"href":"https:\/\/jeffersonisac.adv.br\/index.php\/wp-json\/wp\/v2\/posts\/3846\/revisions"}],"wp:attachment":[{"href":"https:\/\/jeffersonisac.adv.br\/index.php\/wp-json\/wp\/v2\/media?parent=3846"}],"wp:term":[{"taxonomy":"category","embeddable":true,"href":"https:\/\/jeffersonisac.adv.br\/index.php\/wp-json\/wp\/v2\/categories?post=3846"},{"taxonomy":"post_tag","embeddable":true,"href":"https:\/\/jeffersonisac.adv.br\/index.php\/wp-json\/wp\/v2\/tags?post=3846"}],"curies":[{"name":"wp","href":"https:\/\/api.w.org\/{rel}","templated":true}]}}