{"id":3857,"date":"2023-12-05T19:51:03","date_gmt":"2023-12-05T22:51:03","guid":{"rendered":"https:\/\/jeffersonisac.adv.br\/index.php\/2023\/12\/05\/comissao-aprova-manutencao-do-bolsa-familia-a-trabalhador-contratado-por-safra\/"},"modified":"2023-12-05T19:51:03","modified_gmt":"2023-12-05T22:51:03","slug":"comissao-aprova-manutencao-do-bolsa-familia-a-trabalhador-contratado-por-safra","status":"publish","type":"post","link":"https:\/\/jeffersonisac.adv.br\/index.php\/2023\/12\/05\/comissao-aprova-manutencao-do-bolsa-familia-a-trabalhador-contratado-por-safra\/","title":{"rendered":"Comiss\u00e3o aprova manuten\u00e7\u00e3o do Bolsa Fam\u00edlia a trabalhador contratado por safra"},"content":{"rendered":"<div class=\"image-container\">\n<div class=\"midia-creditos\"><em>Vinicius Loures \/ C\u00e2mara dos Deputados<\/em><\/div>\n<div class=\"media-wrapper\"><\/div>\n<div class=\"midia-legenda\">Melo estendeu o benef\u00edcio a trabalhadores com contratos de at\u00e9 seis meses<\/div>\n<\/div>\n<p>A Comiss\u00e3o de Agricultura, Pecu\u00e1ria, Abastecimento e Desenvolvimento Rural da C\u00e2mara dos Deputados aprovou o <a class=\"linkProposicao\" href=\"https:\/\/www.camara.leg.br\/noticias\/944766-projeto-assegura-direito-do-safrista-de-manter-beneficios-sociais-durante-contrato-de-trabalho\">Projeto de Lei 715\/23<\/a>, que assegura ao trabalhador safrista o direito de continuar recebendo benef\u00edcios sociais, como o Bolsa Fam\u00edlia, durante a execu\u00e7\u00e3o do contrato de safra.<\/p>\n<p>Os contratos de safra, previstos na <a class=\"linkLegislacao\" href=\"https:\/\/www2.camara.gov.br\/legin\/fed\/lei\/1970-1979\/lei-5889-8-junho-1973-357971-norma-pl.html\">Lei 5.889\/73<\/a>, s\u00e3o aqueles cuja dura\u00e7\u00e3o varia conforme a atividade agr\u00e1ria, compreendendo o per\u00edodo entre o preparo do solo e a colheita.<\/p>\n<p>Relator, o deputado Evair Vieira de Melo (PP-ES) defendeu a aprova\u00e7\u00e3o do texto na forma de <span class=\"termoGlossario\">substitutivo<\/span> pelo qual a manuten\u00e7\u00e3o dos benef\u00edcios sociais valer\u00e1 para contratos de safra que n\u00e3o superem o per\u00edodo de seis meses. No texto original, esse per\u00edodo \u00e9 de tr\u00eas meses.<\/p>\n<p>Segundo ele, a proposta contribui para formalizar o trabalho no campo. \u201cO Projeto de Lei corrigir\u00e1 uma lacuna legislativa, fomentando a formaliza\u00e7\u00e3o dos v\u00ednculos de curta dura\u00e7\u00e3o e trazendo maior seguran\u00e7a jur\u00eddica tanto ao empregador como ao trabalhador rural\u201d, frisou Vieira de Melo.<\/p>\n<p><strong>Tramita\u00e7\u00e3o<\/strong><br \/>\nA proposta, que tramita em <span class=\"termoGlossario\">car\u00e1ter conclusivo<\/span>, ser\u00e1 analisada pelas comiss\u00f5es de Trabalho; de Finan\u00e7as e Tributa\u00e7\u00e3o; e de Constitui\u00e7\u00e3o e Justi\u00e7a e de Cidadania.<\/p>\n<p><a href=\"https:\/\/www.camara.leg.br\/noticias\/573454-SAIBA-MAIS-SOBRE-A-TRAMITACAO-DE-PROJETOS-DE-LEI\">Saiba mais sobre a tramita\u00e7\u00e3o de projetos de lei<\/a><\/p>","protected":false},"excerpt":{"rendered":"<p>Vinicius Loures \/ C\u00e2mara dos Deputados Melo estendeu o benef\u00edcio a trabalhadores com contratos de at\u00e9 seis meses A Comiss\u00e3o de Agricultura, Pecu\u00e1ria, Abastecimento e Desenvolvimento Rural da C\u00e2mara dos Deputados aprovou o Projeto de Lei 715\/23, que assegura ao trabalhador safrista o direito de continuar recebendo benef\u00edcios sociais, como o Bolsa Fam\u00edlia, durante a [&hellip;]<\/p>\n","protected":false},"author":0,"featured_media":0,"comment_status":"open","ping_status":"open","sticky":false,"template":"","format":"standard","meta":{"footnotes":""},"categories":[1],"tags":[],"_links":{"self":[{"href":"https:\/\/jeffersonisac.adv.br\/index.php\/wp-json\/wp\/v2\/posts\/3857"}],"collection":[{"href":"https:\/\/jeffersonisac.adv.br\/index.php\/wp-json\/wp\/v2\/posts"}],"about":[{"href":"https:\/\/jeffersonisac.adv.br\/index.php\/wp-json\/wp\/v2\/types\/post"}],"replies":[{"embeddable":true,"href":"https:\/\/jeffersonisac.adv.br\/index.php\/wp-json\/wp\/v2\/comments?post=3857"}],"version-history":[{"count":0,"href":"https:\/\/jeffersonisac.adv.br\/index.php\/wp-json\/wp\/v2\/posts\/3857\/revisions"}],"wp:attachment":[{"href":"https:\/\/jeffersonisac.adv.br\/index.php\/wp-json\/wp\/v2\/media?parent=3857"}],"wp:term":[{"taxonomy":"category","embeddable":true,"href":"https:\/\/jeffersonisac.adv.br\/index.php\/wp-json\/wp\/v2\/categories?post=3857"},{"taxonomy":"post_tag","embeddable":true,"href":"https:\/\/jeffersonisac.adv.br\/index.php\/wp-json\/wp\/v2\/tags?post=3857"}],"curies":[{"name":"wp","href":"https:\/\/api.w.org\/{rel}","templated":true}]}}