{"id":3864,"date":"2023-12-06T09:04:55","date_gmt":"2023-12-06T12:04:55","guid":{"rendered":"https:\/\/jeffersonisac.adv.br\/index.php\/2023\/12\/06\/ministro-da-agricultura-participa-de-audiencia-na-camara-nesta-quarta\/"},"modified":"2023-12-06T09:04:55","modified_gmt":"2023-12-06T12:04:55","slug":"ministro-da-agricultura-participa-de-audiencia-na-camara-nesta-quarta","status":"publish","type":"post","link":"https:\/\/jeffersonisac.adv.br\/index.php\/2023\/12\/06\/ministro-da-agricultura-participa-de-audiencia-na-camara-nesta-quarta\/","title":{"rendered":"Ministro da Agricultura participa de audi\u00eancia na C\u00e2mara nesta quarta"},"content":{"rendered":"<div class=\"image-container\">\n<div class=\"midia-creditos\"><em>Bruno Spada\/C\u00e2mara dos Deputados<\/em><\/div>\n<div class=\"media-wrapper\"><\/div>\n<div class=\"midia-legenda\">O ministro Carlos F\u00e1varo<\/div>\n<\/div>\n<p>A Comiss\u00e3o de Agricultura da C\u00e2mara dos Deputados recebe \u00e0s 10 horas o ministro da Agricultura, Carlos F\u00e1varo. Ele vem falar sobre as prioridades da sua pasta.<\/p>\n<p>A reuni\u00e3o ser\u00e1 realizada no plen\u00e1rio 6.<\/p>\n<p><a href=\"https:\/\/www.camara.leg.br\/evento-legislativo\/71287\">Confira a pauta<\/a><\/p>","protected":false},"excerpt":{"rendered":"<p>Bruno Spada\/C\u00e2mara dos Deputados O ministro Carlos F\u00e1varo A Comiss\u00e3o de Agricultura da C\u00e2mara dos Deputados recebe \u00e0s 10 horas o ministro da Agricultura, Carlos F\u00e1varo. Ele vem falar sobre as prioridades da sua pasta. A reuni\u00e3o ser\u00e1 realizada no plen\u00e1rio 6. Confira a pauta<\/p>\n","protected":false},"author":0,"featured_media":0,"comment_status":"open","ping_status":"open","sticky":false,"template":"","format":"standard","meta":{"footnotes":""},"categories":[1],"tags":[],"_links":{"self":[{"href":"https:\/\/jeffersonisac.adv.br\/index.php\/wp-json\/wp\/v2\/posts\/3864"}],"collection":[{"href":"https:\/\/jeffersonisac.adv.br\/index.php\/wp-json\/wp\/v2\/posts"}],"about":[{"href":"https:\/\/jeffersonisac.adv.br\/index.php\/wp-json\/wp\/v2\/types\/post"}],"replies":[{"embeddable":true,"href":"https:\/\/jeffersonisac.adv.br\/index.php\/wp-json\/wp\/v2\/comments?post=3864"}],"version-history":[{"count":0,"href":"https:\/\/jeffersonisac.adv.br\/index.php\/wp-json\/wp\/v2\/posts\/3864\/revisions"}],"wp:attachment":[{"href":"https:\/\/jeffersonisac.adv.br\/index.php\/wp-json\/wp\/v2\/media?parent=3864"}],"wp:term":[{"taxonomy":"category","embeddable":true,"href":"https:\/\/jeffersonisac.adv.br\/index.php\/wp-json\/wp\/v2\/categories?post=3864"},{"taxonomy":"post_tag","embeddable":true,"href":"https:\/\/jeffersonisac.adv.br\/index.php\/wp-json\/wp\/v2\/tags?post=3864"}],"curies":[{"name":"wp","href":"https:\/\/api.w.org\/{rel}","templated":true}]}}