{"id":3874,"date":"2023-12-06T13:58:48","date_gmt":"2023-12-06T16:58:48","guid":{"rendered":"https:\/\/jeffersonisac.adv.br\/index.php\/2023\/12\/06\/cancelada-reuniao-do-conselho-de-etica-desta-quarta\/"},"modified":"2023-12-06T13:58:48","modified_gmt":"2023-12-06T16:58:48","slug":"cancelada-reuniao-do-conselho-de-etica-desta-quarta","status":"publish","type":"post","link":"https:\/\/jeffersonisac.adv.br\/index.php\/2023\/12\/06\/cancelada-reuniao-do-conselho-de-etica-desta-quarta\/","title":{"rendered":"Cancelada reuni\u00e3o do Conselho de \u00c9tica desta quarta"},"content":{"rendered":"<div class=\"image-container\">\n<div class=\"midia-creditos\"><em>Bruno Spada \/ C\u00e2mara dos Deputadas<\/em><\/div>\n<div class=\"media-wrapper\"><\/div>\n<div class=\"midia-legenda\">Conselho de \u00c9tica reunido no m\u00eas passado<\/div>\n<\/div>\n<p>O <span class=\"termoGlossario\">Conselho de \u00c9tica e Decoro Parlamentar<\/span> da C\u00e2mara dos Deputados cancelou a reuni\u00e3o que faria nesta quarta-feira (6) para analisar tr\u00eas pareceres preliminares sobre acusa\u00e7\u00f5es de quebra de <span class=\"termoGlossario\">decoro<\/span>. Ainda n\u00e3o h\u00e1 nova data marcada para votar os relat\u00f3rios.<\/p>\n<p>Seriam votados:<\/p>\n<p>Parecer do deputado Gutemberg Reis (MDB-RJ) \u00e0 <a href=\"https:\/\/www.camara.leg.br\/proposicoesWeb\/fichadetramitacao?idProposicao=2368396\">Representa\u00e7\u00e3o 10\/23<\/a>, apresentada pelo PL contra a deputada S\u00e2mia Bomfim (Psol-SP), por desentendimentos durante a vota\u00e7\u00e3o do projeto do marco temporal de terras ind\u00edgenas (<a href=\"https:\/\/www.camara.leg.br\/noticias\/967344-CAMARA-APROVA-PROJETO-DO-MARCO-TEMPORAL-PARA-DEMARCACAO-DAS-TERRAS-INDIGENAS\">PL 490\/07<\/a>), no Plen\u00e1rio da C\u00e2mara, no fim de maio.<\/p>\n<p>Gutemberg Reis ainda n\u00e3o divulgou seu parecer.<\/p>\n<p>Parecer tamb\u00e9m do deputado Gutemberg Reis \u00e0 <a href=\"https:\/\/www.camara.leg.br\/proposicoesWeb\/prop_mostrarintegra?codteor=2307141&amp;filename=REP%2019\/2023\">Representa\u00e7\u00e3o 19\/23<\/a>, apresentada pelo PT contra o deputado Andr\u00e9 Fernandes (PL-CE) por supostas falas discriminat\u00f3rias durante a vota\u00e7\u00e3o da reforma tribut\u00e1ria.<\/p>\n<p>Esse parecer tamb\u00e9m n\u00e3o foi divulgado.<\/p>\n<p>Parecer do deputado Ac\u00e1cio Favacho (MDB-AP) \u00e0 <a href=\"https:\/\/www.camara.leg.br\/proposicoesWeb\/prop_mostrarintegra?codteor=2307682&amp;filename=REP%2022\/2023\">Representa\u00e7\u00e3o 22\/23<\/a>, protocolada pelo PL tamb\u00e9m contra S\u00e2mia Bomfim.<\/p>\n<p>O partido acusa S\u00e2mia de tumultuar as reuni\u00f5es da Comiss\u00e3o Parlamentar de Inqu\u00e9rito (CPI) do MST, e de desrespeitar o deputado General Gir\u00e3o (PL-RN) durante as reuni\u00f5es do colegiado.<\/p>\n<p>Favacho ainda n\u00e3o divulgou seu parecer.<\/p>","protected":false},"excerpt":{"rendered":"<p>Bruno Spada \/ C\u00e2mara dos Deputadas Conselho de \u00c9tica reunido no m\u00eas passado O Conselho de \u00c9tica e Decoro Parlamentar da C\u00e2mara dos Deputados cancelou a reuni\u00e3o que faria nesta quarta-feira (6) para analisar tr\u00eas pareceres preliminares sobre acusa\u00e7\u00f5es de quebra de decoro. Ainda n\u00e3o h\u00e1 nova data marcada para votar os relat\u00f3rios. Seriam votados: [&hellip;]<\/p>\n","protected":false},"author":0,"featured_media":0,"comment_status":"open","ping_status":"open","sticky":false,"template":"","format":"standard","meta":{"footnotes":""},"categories":[1],"tags":[],"_links":{"self":[{"href":"https:\/\/jeffersonisac.adv.br\/index.php\/wp-json\/wp\/v2\/posts\/3874"}],"collection":[{"href":"https:\/\/jeffersonisac.adv.br\/index.php\/wp-json\/wp\/v2\/posts"}],"about":[{"href":"https:\/\/jeffersonisac.adv.br\/index.php\/wp-json\/wp\/v2\/types\/post"}],"replies":[{"embeddable":true,"href":"https:\/\/jeffersonisac.adv.br\/index.php\/wp-json\/wp\/v2\/comments?post=3874"}],"version-history":[{"count":0,"href":"https:\/\/jeffersonisac.adv.br\/index.php\/wp-json\/wp\/v2\/posts\/3874\/revisions"}],"wp:attachment":[{"href":"https:\/\/jeffersonisac.adv.br\/index.php\/wp-json\/wp\/v2\/media?parent=3874"}],"wp:term":[{"taxonomy":"category","embeddable":true,"href":"https:\/\/jeffersonisac.adv.br\/index.php\/wp-json\/wp\/v2\/categories?post=3874"},{"taxonomy":"post_tag","embeddable":true,"href":"https:\/\/jeffersonisac.adv.br\/index.php\/wp-json\/wp\/v2\/tags?post=3874"}],"curies":[{"name":"wp","href":"https:\/\/api.w.org\/{rel}","templated":true}]}}