{"id":3876,"date":"2023-12-06T15:01:24","date_gmt":"2023-12-06T18:01:24","guid":{"rendered":"https:\/\/jeffersonisac.adv.br\/index.php\/2023\/12\/06\/lei-cria-o-dia-nacional-do-rosario-da-virgem-maria-em-7-de-outubro\/"},"modified":"2023-12-06T15:01:24","modified_gmt":"2023-12-06T18:01:24","slug":"lei-cria-o-dia-nacional-do-rosario-da-virgem-maria-em-7-de-outubro","status":"publish","type":"post","link":"https:\/\/jeffersonisac.adv.br\/index.php\/2023\/12\/06\/lei-cria-o-dia-nacional-do-rosario-da-virgem-maria-em-7-de-outubro\/","title":{"rendered":"Lei cria o Dia Nacional do Ros\u00e1rio da Virgem Maria, em 7 de outubro"},"content":{"rendered":"<div class=\"image-container\">\n<div class=\"midia-creditos\"><em>GettyImages<\/em><\/div>\n<div class=\"media-wrapper\"><\/div>\n<div class=\"midia-legenda\">Devo\u00e7\u00e3o a Nossa Senhora do Ros\u00e1rio est\u00e1 associada \u00e0 ora\u00e7\u00e3o do ter\u00e7o<\/div>\n<\/div>\n<p>O presidente da Rep\u00fablica em exerc\u00edcio, Geraldo Alckmin, sancionou a lei que cria o Dia Nacional do Ros\u00e1rio da Virgem Maria, a ser celebrado anualmente em 7 de outubro. A <a class=\"linkLegislacao\" href=\"https:\/\/www2.camara.gov.br\/legin\/fed\/lei\/2023\/lei-14745-5-dezembro-2023-795030-norma-pl.html\">Lei 14.745\/23<\/a> foi publicada no Di\u00e1rio Oficial da Uni\u00e3o desta quarta-feira (6). A norma se originou no PL 4943\/23 da deputada Simone Marquetto (MDB-SP).<\/p>\n<p>&#8220;\u201cEsta data ir\u00e1 unir todos os cat\u00f3licos apost\u00f3licos romanos de nosso Pa\u00eds e iremos resgatar nossa f\u00e9\u201d, afirmou a autora <a href=\"https:\/\/www.camara.leg.br\/noticias\/1010933-CAMARA-APROVA-PROJETO-QUE-CRIA-O-DIA-NACIONAL-DO-ROSARIO-DA-VIRGEM-MARIA\">quando o projeto foi aprovado, em outubro<\/a>.<\/p>\n<p>A devo\u00e7\u00e3o a Nossa Senhora do Ros\u00e1rio est\u00e1 associada \u00e0 ora\u00e7\u00e3o do ter\u00e7o, pr\u00e1tica que consiste em meditar sobre os mist\u00e9rios da vida de Jesus e de Maria enquanto se reza uma sequ\u00eancia de ora\u00e7\u00f5es como Ave-Maria e Pai-Nosso.<\/p>\n<p>A data escolhida \u00e9 a mesma em que \u00e9 celebrado o dia de Nossa Senhora do Ros\u00e1rio. De acordo com a f\u00e9 cat\u00f3lica, em 7 de outubro de 1208 a santa fez uma apari\u00e7\u00e3o na Fran\u00e7a. No epis\u00f3dio, Maria teria entregado um ros\u00e1rio, tamb\u00e9m conhecido como ter\u00e7o, a S\u00e3o Domingos de Gusm\u00e3o.<\/p>","protected":false},"excerpt":{"rendered":"<p>GettyImages Devo\u00e7\u00e3o a Nossa Senhora do Ros\u00e1rio est\u00e1 associada \u00e0 ora\u00e7\u00e3o do ter\u00e7o O presidente da Rep\u00fablica em exerc\u00edcio, Geraldo Alckmin, sancionou a lei que cria o Dia Nacional do Ros\u00e1rio da Virgem Maria, a ser celebrado anualmente em 7 de outubro. A Lei 14.745\/23 foi publicada no Di\u00e1rio Oficial da Uni\u00e3o desta quarta-feira (6). [&hellip;]<\/p>\n","protected":false},"author":0,"featured_media":0,"comment_status":"open","ping_status":"open","sticky":false,"template":"","format":"standard","meta":{"footnotes":""},"categories":[1],"tags":[],"_links":{"self":[{"href":"https:\/\/jeffersonisac.adv.br\/index.php\/wp-json\/wp\/v2\/posts\/3876"}],"collection":[{"href":"https:\/\/jeffersonisac.adv.br\/index.php\/wp-json\/wp\/v2\/posts"}],"about":[{"href":"https:\/\/jeffersonisac.adv.br\/index.php\/wp-json\/wp\/v2\/types\/post"}],"replies":[{"embeddable":true,"href":"https:\/\/jeffersonisac.adv.br\/index.php\/wp-json\/wp\/v2\/comments?post=3876"}],"version-history":[{"count":0,"href":"https:\/\/jeffersonisac.adv.br\/index.php\/wp-json\/wp\/v2\/posts\/3876\/revisions"}],"wp:attachment":[{"href":"https:\/\/jeffersonisac.adv.br\/index.php\/wp-json\/wp\/v2\/media?parent=3876"}],"wp:term":[{"taxonomy":"category","embeddable":true,"href":"https:\/\/jeffersonisac.adv.br\/index.php\/wp-json\/wp\/v2\/categories?post=3876"},{"taxonomy":"post_tag","embeddable":true,"href":"https:\/\/jeffersonisac.adv.br\/index.php\/wp-json\/wp\/v2\/tags?post=3876"}],"curies":[{"name":"wp","href":"https:\/\/api.w.org\/{rel}","templated":true}]}}