{"id":3879,"date":"2023-12-06T18:25:38","date_gmt":"2023-12-06T21:25:38","guid":{"rendered":"https:\/\/jeffersonisac.adv.br\/index.php\/2023\/12\/06\/reforma-tributaria-deve-ser-votada-na-semana-que-vem-diz-relator\/"},"modified":"2023-12-06T18:25:38","modified_gmt":"2023-12-06T21:25:38","slug":"reforma-tributaria-deve-ser-votada-na-semana-que-vem-diz-relator","status":"publish","type":"post","link":"https:\/\/jeffersonisac.adv.br\/index.php\/2023\/12\/06\/reforma-tributaria-deve-ser-votada-na-semana-que-vem-diz-relator\/","title":{"rendered":"Reforma tribut\u00e1ria deve ser votada na semana que vem, diz relator"},"content":{"rendered":"<div class=\"image-container\">\n<div class=\"midia-creditos\"><em>Zeca Ribeiro\/C\u00e2mara dos Deputados<\/em><\/div>\n<div class=\"media-wrapper\"><\/div>\n<div class=\"midia-legenda\">Aguinaldo Ribeiro diz que supress\u00f5es ser\u00e3o negociadas com o Senado<\/div>\n<\/div>\n<p>O relator da reforma tribut\u00e1ria na C\u00e2mara, deputado Aguinaldo Ribeiro (PP-PB), disse que o presidente Arthur Lira j\u00e1 sinalizou para a vota\u00e7\u00e3o da reforma tribut\u00e1ria (PEC 45\/19) na semana que vem no Plen\u00e1rio. Ele explicou que ser\u00e3o feitas sugest\u00f5es de supress\u00e3o de alguns dispositivos aprovados no Senado, mas que tudo ser\u00e1 conversado com o presidente daquela Casa, senador Rodrigo Pacheco. \u201cTecnicamente, o que a gente vai ver \u00e9 o que pode ser suprimido no texto sem que isso comprometa a reforma\u201d, disse.<\/p>\n<p><a href=\"https:\/\/infograficos.camara.leg.br\/principais-pontos-da-reforma-tributaria\/\">Conhe\u00e7a o texto da reforma tribut\u00e1ria, ap\u00f3s altera\u00e7\u00f5es do Senado<\/a><\/p>\n<p>Alguns pontos que podem gerar debate em Plen\u00e1rio, segundo ele, s\u00e3o a prorroga\u00e7\u00e3o de incentivos fiscais para o setor automotivo no Nordeste, Norte e Centro-Oeste at\u00e9 2032. A C\u00e2mara havia rejeitado, e o Senado aprovou. Ele tamb\u00e9m citou mudan\u00e7as no comit\u00ea de estados e munic\u00edpios que vai gerir o Imposto sobre Bens e Servi\u00e7os. Os entes federativos ainda divergem sobre o peso de cada um na tomada de decis\u00f5es dentro do grupo.<\/p>\n<p>A reforma tribut\u00e1ria vai eliminar tr\u00eas impostos federais \u2013 IPI, PIS e Cofins \u2013 e criar a Contribui\u00e7\u00e3o sobre Bens e Servi\u00e7os e o Imposto Seletivo. Tamb\u00e9m elimina o ICMS estadual e o ISS municipal e cria o IBS. IBS e CBS ter\u00e3o as mesmas regras e ser\u00e3o cobrados apenas no destino dos produtos, eliminando a incid\u00eancia de imposto sobre imposto.<\/p>\n<p>O Senado ampliou a lista de setores que ter\u00e3o al\u00edquotas diferenciadas de IBS e CBS e as isen\u00e7\u00f5es. Tamb\u00e9m elevou os repasses da Uni\u00e3o para o Fundo de Desenvolvimento Regional de, no m\u00e1ximo, R$ 40 bilh\u00f5es por ano para R$ 60 bilh\u00f5es. Este fundo pretende compensar o fim da guerra fiscal entre os estados para atrair investimentos a partir de incentivos tribut\u00e1rios.<\/p>","protected":false},"excerpt":{"rendered":"<p>Zeca Ribeiro\/C\u00e2mara dos Deputados Aguinaldo Ribeiro diz que supress\u00f5es ser\u00e3o negociadas com o Senado O relator da reforma tribut\u00e1ria na C\u00e2mara, deputado Aguinaldo Ribeiro (PP-PB), disse que o presidente Arthur Lira j\u00e1 sinalizou para a vota\u00e7\u00e3o da reforma tribut\u00e1ria (PEC 45\/19) na semana que vem no Plen\u00e1rio. Ele explicou que ser\u00e3o feitas sugest\u00f5es de supress\u00e3o [&hellip;]<\/p>\n","protected":false},"author":0,"featured_media":0,"comment_status":"open","ping_status":"open","sticky":false,"template":"","format":"standard","meta":{"footnotes":""},"categories":[1],"tags":[],"_links":{"self":[{"href":"https:\/\/jeffersonisac.adv.br\/index.php\/wp-json\/wp\/v2\/posts\/3879"}],"collection":[{"href":"https:\/\/jeffersonisac.adv.br\/index.php\/wp-json\/wp\/v2\/posts"}],"about":[{"href":"https:\/\/jeffersonisac.adv.br\/index.php\/wp-json\/wp\/v2\/types\/post"}],"replies":[{"embeddable":true,"href":"https:\/\/jeffersonisac.adv.br\/index.php\/wp-json\/wp\/v2\/comments?post=3879"}],"version-history":[{"count":0,"href":"https:\/\/jeffersonisac.adv.br\/index.php\/wp-json\/wp\/v2\/posts\/3879\/revisions"}],"wp:attachment":[{"href":"https:\/\/jeffersonisac.adv.br\/index.php\/wp-json\/wp\/v2\/media?parent=3879"}],"wp:term":[{"taxonomy":"category","embeddable":true,"href":"https:\/\/jeffersonisac.adv.br\/index.php\/wp-json\/wp\/v2\/categories?post=3879"},{"taxonomy":"post_tag","embeddable":true,"href":"https:\/\/jeffersonisac.adv.br\/index.php\/wp-json\/wp\/v2\/tags?post=3879"}],"curies":[{"name":"wp","href":"https:\/\/api.w.org\/{rel}","templated":true}]}}