{"id":3885,"date":"2023-12-06T19:33:47","date_gmt":"2023-12-06T22:33:47","guid":{"rendered":"https:\/\/jeffersonisac.adv.br\/index.php\/2023\/12\/06\/camara-aprova-prisao-preventiva-de-oficio-em-crimes-de-violencia-contra-mulher\/"},"modified":"2023-12-06T19:33:47","modified_gmt":"2023-12-06T22:33:47","slug":"camara-aprova-prisao-preventiva-de-oficio-em-crimes-de-violencia-contra-mulher","status":"publish","type":"post","link":"https:\/\/jeffersonisac.adv.br\/index.php\/2023\/12\/06\/camara-aprova-prisao-preventiva-de-oficio-em-crimes-de-violencia-contra-mulher\/","title":{"rendered":"C\u00e2mara aprova pris\u00e3o preventiva de of\u00edcio em crimes de viol\u00eancia contra mulher"},"content":{"rendered":"<div class=\"image-container\">\n<div class=\"midia-creditos\"><em>Zeca Ribeiro \/ C\u00e2mara dos Deputados<\/em><\/div>\n<div class=\"media-wrapper\"><\/div>\n<div class=\"midia-legenda\">Soraya Santos: &#8220;Demora na pris\u00e3o do agressor pode expor a v\u00edtima a novos epis\u00f3dios de viol\u00eancia&#8221;<\/div>\n<\/div>\n<p>A C\u00e2mara dos Deputados aprovou nesta quarta-feira (6) projeto de lei que permite ao juiz decretar, de of\u00edcio, a pris\u00e3o preventiva nos crimes tipificados na Lei Maria da Penha, ajustando reda\u00e7\u00e3o do C\u00f3digo de Processo Penal (Decreto-lei 3.6898\/41). A pris\u00e3o de of\u00edcio ocorre quando n\u00e3o \u00e9 requerida pelas partes, Minist\u00e9rio P\u00fablico, querelante ou assistente de acusa\u00e7\u00e3o, ou por representa\u00e7\u00e3o do delegado de pol\u00edcia. A mat\u00e9ria ser\u00e1 enviada ao Senado.<\/p>\n<p>De autoria do deputado Aguinaldo Ribeiro (PP-PB), o Projeto de Lei 5781\/23 foi aprovado com parecer favor\u00e1vel da deputada Soraya Santos (PL-RJ).<\/p>\n<p>O ajuste deve-se ao fato de lei anterior (13.964\/19), que retirou a possibilidade de o juiz decretar medidas cautelares, como a pris\u00e3o preventiva, de of\u00edcio no caso geral.<\/p>\n<p>Assim, especificamente para os crimes praticados no \u00e2mbito de viol\u00eancia dom\u00e9stica e familiar contra a mulher, o juiz poder\u00e1 voltar a decretar a pris\u00e3o preventiva em qualquer fase da investiga\u00e7\u00e3o policial ou do processo penal ou, ap\u00f3s receber o auto, converter pris\u00e3o em flagrante para preventiva.<\/p>\n<p>Segundo Aguinaldo Ribeiro, \u201co projeto repara um problema real na legisla\u00e7\u00e3o a fim de resolver um problema real que as mulheres vivem no seu dia-a-dia\u201d,.<\/p>\n<p>Para Soraya Santos, \u201ca demora na pris\u00e3o do agressor ou na aplica\u00e7\u00e3o de outra medida cautelar, decorrente da necessidade de provoca\u00e7\u00e3o do juiz, pode expor a v\u00edtima a novos epis\u00f3dios de viol\u00eancia e provocar sua revitimiza\u00e7\u00e3o\u201d.<\/p>","protected":false},"excerpt":{"rendered":"<p>Zeca Ribeiro \/ C\u00e2mara dos Deputados Soraya Santos: &#8220;Demora na pris\u00e3o do agressor pode expor a v\u00edtima a novos epis\u00f3dios de viol\u00eancia&#8221; A C\u00e2mara dos Deputados aprovou nesta quarta-feira (6) projeto de lei que permite ao juiz decretar, de of\u00edcio, a pris\u00e3o preventiva nos crimes tipificados na Lei Maria da Penha, ajustando reda\u00e7\u00e3o do C\u00f3digo [&hellip;]<\/p>\n","protected":false},"author":0,"featured_media":0,"comment_status":"open","ping_status":"open","sticky":false,"template":"","format":"standard","meta":{"footnotes":""},"categories":[1],"tags":[],"_links":{"self":[{"href":"https:\/\/jeffersonisac.adv.br\/index.php\/wp-json\/wp\/v2\/posts\/3885"}],"collection":[{"href":"https:\/\/jeffersonisac.adv.br\/index.php\/wp-json\/wp\/v2\/posts"}],"about":[{"href":"https:\/\/jeffersonisac.adv.br\/index.php\/wp-json\/wp\/v2\/types\/post"}],"replies":[{"embeddable":true,"href":"https:\/\/jeffersonisac.adv.br\/index.php\/wp-json\/wp\/v2\/comments?post=3885"}],"version-history":[{"count":0,"href":"https:\/\/jeffersonisac.adv.br\/index.php\/wp-json\/wp\/v2\/posts\/3885\/revisions"}],"wp:attachment":[{"href":"https:\/\/jeffersonisac.adv.br\/index.php\/wp-json\/wp\/v2\/media?parent=3885"}],"wp:term":[{"taxonomy":"category","embeddable":true,"href":"https:\/\/jeffersonisac.adv.br\/index.php\/wp-json\/wp\/v2\/categories?post=3885"},{"taxonomy":"post_tag","embeddable":true,"href":"https:\/\/jeffersonisac.adv.br\/index.php\/wp-json\/wp\/v2\/tags?post=3885"}],"curies":[{"name":"wp","href":"https:\/\/api.w.org\/{rel}","templated":true}]}}