{"id":3910,"date":"2023-12-07T12:37:57","date_gmt":"2023-12-07T15:37:57","guid":{"rendered":"https:\/\/jeffersonisac.adv.br\/index.php\/2023\/12\/07\/camara-aprova-projeto-que-aumenta-pena-para-o-registro-nao-autorizado-da-intimidade-sexual-acompanhe\/"},"modified":"2023-12-07T12:37:57","modified_gmt":"2023-12-07T15:37:57","slug":"camara-aprova-projeto-que-aumenta-pena-para-o-registro-nao-autorizado-da-intimidade-sexual-acompanhe","status":"publish","type":"post","link":"https:\/\/jeffersonisac.adv.br\/index.php\/2023\/12\/07\/camara-aprova-projeto-que-aumenta-pena-para-o-registro-nao-autorizado-da-intimidade-sexual-acompanhe\/","title":{"rendered":"C\u00e2mara aprova projeto que aumenta pena para o registro n\u00e3o autorizado da intimidade sexual; acompanhe"},"content":{"rendered":"<div class=\"image-container\">\n<div class=\"midia-creditos\"><em>Zeca Ribeiro \/ C\u00e2mara dos Deputados<\/em><\/div>\n<div class=\"media-wrapper\"><\/div>\n<div class=\"midia-legenda\">Sess\u00e3o deliberativa do Plen\u00e1rio da C\u00e2mara<\/div>\n<\/div>\n<p>A C\u00e2mara dos Deputados aprovou o\u00a0<a class=\"linkProposicao\" href=\"https:\/\/www.camara.leg.br\/noticias\/544746-projeto-criminaliza-divulgacao-de-foto-ou-video-que-exponha-intimidade-da-mulher\">Projeto de Lei (PL) 9930\/18<\/a>, que aumenta a pena para quem registra, sem autoriza\u00e7\u00e3o, a intimidade sexual de algu\u00e9m. O crime j\u00e1 est\u00e1 previsto no C\u00f3digo Penal.<\/p>\n<p>Pelo texto, quem produzir, fotografar, filmar ou divulgar conte\u00fado com cenas \u00edntimas, de nudez ou ato sexual sem autoriza\u00e7\u00e3o dos participantes poder\u00e1 ser condenado a pena de reclus\u00e3o, de 1 a 4 anos, e multa. Hoje essa pena \u00e9 de deten\u00e7\u00e3o, de 6 meses a 1 ano, e multa.<\/p>\n<p>A mesma pena ser\u00e1 aplicada a quem usar intelig\u00eancia artificial para modificar imagem (de foto ou v\u00eddeo) para incluir pessoa em cena de nudez, ato sexual ou ato de car\u00e1ter \u00edntimo.<\/p>\n<p>O projeto tamb\u00e9m eleva as penas para divulga\u00e7\u00e3o de cena de estupro de vulner\u00e1vel (reclus\u00e3o, de 2 a 6 anos); e para a\u00a0simula\u00e7\u00e3o da participa\u00e7\u00e3o de crian\u00e7as em cenas de sexo (reclus\u00e3o, de 2 a 6 anos, e multa).<\/p>\n<p>O <a class=\"linkProposicao\" href=\"https:\/\/www.camara.leg.br\/noticias\/544746-projeto-criminaliza-divulgacao-de-foto-ou-video-que-exponha-intimidade-da-mulher\">PL 9930\/18<\/a> ser\u00e1 enviado ao Senado.<\/p>\n<p><strong>Nova vers\u00e3o<br \/>\n<\/strong>O texto aprovado \u00e9 um <span class=\"termoGlossario\">substitutivo<\/span> da relatora, deputada Luisa Canziani (PSD-PR), ao <a class=\"linkProposicao\" href=\"https:\/\/www.camara.leg.br\/noticias\/544746-projeto-criminaliza-divulgacao-de-foto-ou-video-que-exponha-intimidade-da-mulher\">PL 9930\/18<\/a>, e <span class=\"termoGlossario\">apensados<\/span>. O substitutivo foi lido em Plen\u00e1rio pela deputada Jack Rocha (PT-ES). \u201cEsse Plen\u00e1rio est\u00e1 dando um exemplo de sociedade que a gente quer construir, uma sociedade mais justa e igualit\u00e1ria\u201d, disse Rocha.<\/p>\n<p>Kokay afirmou que a divulga\u00e7\u00e3o das imagens provoca \u201cum sofrimento intenso\u201d nas v\u00edtimas. \u201cPrecisamos colocar na nossa legisla\u00e7\u00e3o a aten\u00e7\u00e3o para esse tipo de crime que viola a intimidade\u201d, disse.<\/p>\n<p>\u201c\u00c9 um anseio da sociedade brasileira\u201d, disse o deputado Cabo Gilberto Silva, que pediu ainda a atualiza\u00e7\u00e3o do C\u00f3digo Penal, que \u00e9 de 1940.<\/p>\n<p><a href=\"https:\/\/www.youtube.com\/watch?v=s0vE4KZgq0Q&amp;pp=ygUGY2FtYXJh\">Assista ao vivo<\/a><\/p>\n<p><strong>Mais informa\u00e7\u00f5es a seguir<\/strong><\/p>","protected":false},"excerpt":{"rendered":"<p>Zeca Ribeiro \/ C\u00e2mara dos Deputados Sess\u00e3o deliberativa do Plen\u00e1rio da C\u00e2mara A C\u00e2mara dos Deputados aprovou o\u00a0Projeto de Lei (PL) 9930\/18, que aumenta a pena para quem registra, sem autoriza\u00e7\u00e3o, a intimidade sexual de algu\u00e9m. O crime j\u00e1 est\u00e1 previsto no C\u00f3digo Penal. Pelo texto, quem produzir, fotografar, filmar ou divulgar conte\u00fado com cenas [&hellip;]<\/p>\n","protected":false},"author":0,"featured_media":0,"comment_status":"open","ping_status":"open","sticky":false,"template":"","format":"standard","meta":{"footnotes":""},"categories":[1],"tags":[],"_links":{"self":[{"href":"https:\/\/jeffersonisac.adv.br\/index.php\/wp-json\/wp\/v2\/posts\/3910"}],"collection":[{"href":"https:\/\/jeffersonisac.adv.br\/index.php\/wp-json\/wp\/v2\/posts"}],"about":[{"href":"https:\/\/jeffersonisac.adv.br\/index.php\/wp-json\/wp\/v2\/types\/post"}],"replies":[{"embeddable":true,"href":"https:\/\/jeffersonisac.adv.br\/index.php\/wp-json\/wp\/v2\/comments?post=3910"}],"version-history":[{"count":0,"href":"https:\/\/jeffersonisac.adv.br\/index.php\/wp-json\/wp\/v2\/posts\/3910\/revisions"}],"wp:attachment":[{"href":"https:\/\/jeffersonisac.adv.br\/index.php\/wp-json\/wp\/v2\/media?parent=3910"}],"wp:term":[{"taxonomy":"category","embeddable":true,"href":"https:\/\/jeffersonisac.adv.br\/index.php\/wp-json\/wp\/v2\/categories?post=3910"},{"taxonomy":"post_tag","embeddable":true,"href":"https:\/\/jeffersonisac.adv.br\/index.php\/wp-json\/wp\/v2\/tags?post=3910"}],"curies":[{"name":"wp","href":"https:\/\/api.w.org\/{rel}","templated":true}]}}