{"id":3913,"date":"2023-12-07T12:37:57","date_gmt":"2023-12-07T15:37:57","guid":{"rendered":"https:\/\/jeffersonisac.adv.br\/index.php\/2023\/12\/07\/audiencia-debate-iniciativa-do-governo-para-aumentar-competitividade-do-gas-natural\/"},"modified":"2023-12-07T12:37:57","modified_gmt":"2023-12-07T15:37:57","slug":"audiencia-debate-iniciativa-do-governo-para-aumentar-competitividade-do-gas-natural","status":"publish","type":"post","link":"https:\/\/jeffersonisac.adv.br\/index.php\/2023\/12\/07\/audiencia-debate-iniciativa-do-governo-para-aumentar-competitividade-do-gas-natural\/","title":{"rendered":"Audi\u00eancia debate iniciativa do governo para aumentar competitividade do g\u00e1s natural"},"content":{"rendered":"<div class=\"image-container\">\n<div class=\"midia-creditos\"><em>Jos\u00e9 Fernando Ogura\/ANPr<\/em><\/div>\n<div class=\"media-wrapper\"><\/div>\n<div class=\"midia-legenda\">G\u00e1s natural pode ser usado na produ\u00e7\u00e3o de fertilizantes<\/div>\n<\/div>\n<p>A Comiss\u00e3o de Minas e Energia da C\u00e2mara dos Deputados discute na ter\u00e7a-feira (12) o Programa G\u00e1s para Empregar \u2013 iniciativa do governo federal que estuda como elevar a oferta e aumentar a competitividade do g\u00e1s natural.<\/p>\n<p>A audi\u00eancia p\u00fablica ser\u00e1 realizada no plen\u00e1rio 14, a partir das 11 horas, a pedido do presidente do colegiado, deputado Rodrigo de Castro (Uni\u00e3o-MG).<\/p>\n<p><a href=\"https:\/\/www.camara.leg.br\/evento-legislativo\/71527\">Veja quem foi convidado para debater o assunto<\/a><\/p>\n<p>O programa foi anunciado recentemente pelo Minist\u00e9rio de Minas e Energia e tem como proje\u00e7\u00e3o investir R$ 94,6 bilh\u00f5es at\u00e9 2032. Os valores devem ser empregados principalmente em unidades de fertilizantes nitrogenados, gasodutos de transporte de g\u00e1s natural e unidades de processamento e escoamento.<\/p>","protected":false},"excerpt":{"rendered":"<p>Jos\u00e9 Fernando Ogura\/ANPr G\u00e1s natural pode ser usado na produ\u00e7\u00e3o de fertilizantes A Comiss\u00e3o de Minas e Energia da C\u00e2mara dos Deputados discute na ter\u00e7a-feira (12) o Programa G\u00e1s para Empregar \u2013 iniciativa do governo federal que estuda como elevar a oferta e aumentar a competitividade do g\u00e1s natural. A audi\u00eancia p\u00fablica ser\u00e1 realizada no [&hellip;]<\/p>\n","protected":false},"author":0,"featured_media":0,"comment_status":"open","ping_status":"open","sticky":false,"template":"","format":"standard","meta":{"footnotes":""},"categories":[1],"tags":[],"_links":{"self":[{"href":"https:\/\/jeffersonisac.adv.br\/index.php\/wp-json\/wp\/v2\/posts\/3913"}],"collection":[{"href":"https:\/\/jeffersonisac.adv.br\/index.php\/wp-json\/wp\/v2\/posts"}],"about":[{"href":"https:\/\/jeffersonisac.adv.br\/index.php\/wp-json\/wp\/v2\/types\/post"}],"replies":[{"embeddable":true,"href":"https:\/\/jeffersonisac.adv.br\/index.php\/wp-json\/wp\/v2\/comments?post=3913"}],"version-history":[{"count":0,"href":"https:\/\/jeffersonisac.adv.br\/index.php\/wp-json\/wp\/v2\/posts\/3913\/revisions"}],"wp:attachment":[{"href":"https:\/\/jeffersonisac.adv.br\/index.php\/wp-json\/wp\/v2\/media?parent=3913"}],"wp:term":[{"taxonomy":"category","embeddable":true,"href":"https:\/\/jeffersonisac.adv.br\/index.php\/wp-json\/wp\/v2\/categories?post=3913"},{"taxonomy":"post_tag","embeddable":true,"href":"https:\/\/jeffersonisac.adv.br\/index.php\/wp-json\/wp\/v2\/tags?post=3913"}],"curies":[{"name":"wp","href":"https:\/\/api.w.org\/{rel}","templated":true}]}}