{"id":3917,"date":"2023-12-07T13:57:11","date_gmt":"2023-12-07T16:57:11","guid":{"rendered":"https:\/\/jeffersonisac.adv.br\/index.php\/2023\/12\/07\/impacto-da-transmissao-de-energia-em-territorio-indigena-e-tema-de-debate-na-camara-nesta-terca\/"},"modified":"2023-12-07T13:57:11","modified_gmt":"2023-12-07T16:57:11","slug":"impacto-da-transmissao-de-energia-em-territorio-indigena-e-tema-de-debate-na-camara-nesta-terca","status":"publish","type":"post","link":"https:\/\/jeffersonisac.adv.br\/index.php\/2023\/12\/07\/impacto-da-transmissao-de-energia-em-territorio-indigena-e-tema-de-debate-na-camara-nesta-terca\/","title":{"rendered":"Impacto da transmiss\u00e3o de energia em territ\u00f3rio ind\u00edgena \u00e9 tema de debate na C\u00e2mara nesta ter\u00e7a"},"content":{"rendered":"<div class=\"image-container\">\n<div class=\"midia-creditos\"><em>Senado<\/em><\/div>\n<div class=\"media-wrapper\"><\/div>\n<div class=\"midia-legenda\">Linhas de transmiss\u00e3o s\u00e3o usadas para levar a energia produzida aos centros consumidores<\/div>\n<\/div>\n<p>A Comiss\u00e3o da Amaz\u00f4nia e dos Povos Origin\u00e1rios e Tradicionais da C\u00e2mara dos Deputados discute na ter\u00e7a-feira (12) os impactos socioambientais da instala\u00e7\u00e3o de linhas de transmiss\u00e3o de energia em territ\u00f3rio ind\u00edgena na regi\u00e3o Amaz\u00f4nica.<\/p>\n<p>A audi\u00eancia ser\u00e1 realizada no plen\u00e1rio 12, a partir das 15 horas, a pedido do deputado Paulo Guedes (PT-MG).<\/p>\n<p><a href=\"https:\/\/www.camara.leg.br\/evento-legislativo\/71490\">Veja quem foi convidado para participar do debate<\/a><\/p>\n<p>&#8220;A Amaz\u00f4nia \u00e9 uma das maiores reservas de biodiversidade do planeta e possui uma rica diversidade cultural, abrigando diversas comunidades ind\u00edgenas&#8221;, afirma Guedes.<\/p>\n<p>&#8220;A instala\u00e7\u00e3o de linhas de transmiss\u00e3o nessas \u00e1reas pode trazer consequ\u00eancias negativas tanto para o ecossistema quanto para os povos ind\u00edgenas que habitam essas regi\u00f5es&#8221;, alerta.<\/p>\n<p><strong>Compensa\u00e7\u00e3o financeira<\/strong><br \/>\nO deputado lembra que, no Maranh\u00e3o, uma associa\u00e7\u00e3o ind\u00edgena obteve uma decis\u00e3o judicial obrigando a Eletronorte a pagar uma compensa\u00e7\u00e3o financeira mensal pelos impactos suportados indevidamente pelos ind\u00edgenas.<\/p>\n<p>Guedes acredita que a audi\u00eancia \u00e9 uma oportunidade para &#8220;encontrar solu\u00e7\u00f5es sustent\u00e1veis que respeitem os direitos dos povos tradicionais, preservem a biodiversidade e assegurem o desenvolvimento energ\u00e9tico de forma respons\u00e1vel&#8221;.<\/p>","protected":false},"excerpt":{"rendered":"<p>Senado Linhas de transmiss\u00e3o s\u00e3o usadas para levar a energia produzida aos centros consumidores A Comiss\u00e3o da Amaz\u00f4nia e dos Povos Origin\u00e1rios e Tradicionais da C\u00e2mara dos Deputados discute na ter\u00e7a-feira (12) os impactos socioambientais da instala\u00e7\u00e3o de linhas de transmiss\u00e3o de energia em territ\u00f3rio ind\u00edgena na regi\u00e3o Amaz\u00f4nica. A audi\u00eancia ser\u00e1 realizada no plen\u00e1rio [&hellip;]<\/p>\n","protected":false},"author":0,"featured_media":0,"comment_status":"open","ping_status":"open","sticky":false,"template":"","format":"standard","meta":{"footnotes":""},"categories":[1],"tags":[],"_links":{"self":[{"href":"https:\/\/jeffersonisac.adv.br\/index.php\/wp-json\/wp\/v2\/posts\/3917"}],"collection":[{"href":"https:\/\/jeffersonisac.adv.br\/index.php\/wp-json\/wp\/v2\/posts"}],"about":[{"href":"https:\/\/jeffersonisac.adv.br\/index.php\/wp-json\/wp\/v2\/types\/post"}],"replies":[{"embeddable":true,"href":"https:\/\/jeffersonisac.adv.br\/index.php\/wp-json\/wp\/v2\/comments?post=3917"}],"version-history":[{"count":0,"href":"https:\/\/jeffersonisac.adv.br\/index.php\/wp-json\/wp\/v2\/posts\/3917\/revisions"}],"wp:attachment":[{"href":"https:\/\/jeffersonisac.adv.br\/index.php\/wp-json\/wp\/v2\/media?parent=3917"}],"wp:term":[{"taxonomy":"category","embeddable":true,"href":"https:\/\/jeffersonisac.adv.br\/index.php\/wp-json\/wp\/v2\/categories?post=3917"},{"taxonomy":"post_tag","embeddable":true,"href":"https:\/\/jeffersonisac.adv.br\/index.php\/wp-json\/wp\/v2\/tags?post=3917"}],"curies":[{"name":"wp","href":"https:\/\/api.w.org\/{rel}","templated":true}]}}