{"id":3935,"date":"2023-12-08T11:33:43","date_gmt":"2023-12-08T14:33:43","guid":{"rendered":"https:\/\/jeffersonisac.adv.br\/index.php\/2023\/12\/08\/comissao-debate-subsidio-federal-para-manter-gratuidade-de-transporte-coletivo-a-idosos\/"},"modified":"2023-12-08T11:33:43","modified_gmt":"2023-12-08T14:33:43","slug":"comissao-debate-subsidio-federal-para-manter-gratuidade-de-transporte-coletivo-a-idosos","status":"publish","type":"post","link":"https:\/\/jeffersonisac.adv.br\/index.php\/2023\/12\/08\/comissao-debate-subsidio-federal-para-manter-gratuidade-de-transporte-coletivo-a-idosos\/","title":{"rendered":"Comiss\u00e3o debate subs\u00eddio federal para manter gratuidade de transporte coletivo a idosos"},"content":{"rendered":"<div class=\"image-container\">\n<div class=\"midia-creditos\"><em>Janine Tomberg\/Prefeitura de Pelotas-RS<\/em><\/div>\n<div class=\"media-wrapper\"><\/div>\n<div class=\"midia-legenda\">Proposta prev\u00ea uso de recursos de roylaties do petr\u00f3leo para o subs\u00eddio<\/div>\n<\/div>\n<p>A Comiss\u00e3o de Desenvolvimento Urbano da C\u00e2mara do Deputados promove audi\u00eancia p\u00fablica na ter\u00e7a-feira (17) para debater a cria\u00e7\u00e3o de um programa federal para subsidiar a gratuidade dos transportes coletivos para pessoas com mais de 65 anos nos estados e munic\u00edpios. A medida est\u00e1 prevista no <a class=\"linkProposicao\" href=\"https:\/\/www.camara.leg.br\/noticias\/855029-projeto-preve-recursos-federais-para-garantir-transporte-publico-gratuito-a-idosos\">Projeto de Lei (PL) 4392\/21<\/a>, do Senado, e tramita em <span class=\"termoGlossario\">regime de urg\u00eancia<\/span>.<\/p>\n<p>Conforme a proposta, que est\u00e1 pronta para ser votada em Plen\u00e1rio, o benef\u00edcio ser\u00e1 custeado por recursos arrecadados pela Uni\u00e3o com os <span class=\"termoGlossario\">royalties<\/span> de petr\u00f3leo. Hoje esses recursos beneficiam as \u00e1reas de sa\u00fade e educa\u00e7\u00e3o.<\/p>\n<p><a href=\"https:\/\/www.camara.leg.br\/evento-legislativo\/71491\">Veja a lista de convidados<\/a><\/p>\n<p>O debate ser\u00e1 realizado \u00e0s 17 horas, no plen\u00e1rio 16.<\/p>\n<p>A audi\u00eancia foi solicitada pelos deputados Castro Neto (PSD-PI) e Cezinha de Madureira (PSD-SP). Segundo eles, a proposta em discuss\u00e3o \u00e9 justificada, entre outras raz\u00f5es, pelo fato de que o pre\u00e7o alto das passagens tamb\u00e9m se d\u00e1 pelo fato de que a cada R$ 1 cobrado do usu\u00e1rio, R$ 0,21 s\u00e3o destinados ao custeio de benef\u00edcios tarif\u00e1rios.<\/p>\n<p>Somado a isso, eles citam pesquisa da Associa\u00e7\u00e3o Nacional das Empresas de Transportes Urbanos (NTU), que estima um preju\u00edzo no transporte p\u00fablico de R$ 36 bilh\u00f5es, entre mar\u00e7o de 2020 e fevereiro de 2023, o que seria um reflexo da pandemia de Covid-19.<\/p>\n<p>Os parlamentares lembram que s\u00e3o as pessoas menos favorecidas as que mais utilizam os servi\u00e7os de transporte p\u00fablico, e que s\u00e3o elas que acabam por arcar com as despesas resultantes das gratuidades. &#8220;\u00c9 urgentemente necess\u00e1ria e necess\u00e1ria a reformula\u00e7\u00e3o do modelo de financiamento do transporte p\u00fablico no Brasil&#8221;, diz o documento.<\/p>","protected":false},"excerpt":{"rendered":"<p>Janine Tomberg\/Prefeitura de Pelotas-RS Proposta prev\u00ea uso de recursos de roylaties do petr\u00f3leo para o subs\u00eddio A Comiss\u00e3o de Desenvolvimento Urbano da C\u00e2mara do Deputados promove audi\u00eancia p\u00fablica na ter\u00e7a-feira (17) para debater a cria\u00e7\u00e3o de um programa federal para subsidiar a gratuidade dos transportes coletivos para pessoas com mais de 65 anos nos estados [&hellip;]<\/p>\n","protected":false},"author":0,"featured_media":0,"comment_status":"open","ping_status":"open","sticky":false,"template":"","format":"standard","meta":{"footnotes":""},"categories":[1],"tags":[],"_links":{"self":[{"href":"https:\/\/jeffersonisac.adv.br\/index.php\/wp-json\/wp\/v2\/posts\/3935"}],"collection":[{"href":"https:\/\/jeffersonisac.adv.br\/index.php\/wp-json\/wp\/v2\/posts"}],"about":[{"href":"https:\/\/jeffersonisac.adv.br\/index.php\/wp-json\/wp\/v2\/types\/post"}],"replies":[{"embeddable":true,"href":"https:\/\/jeffersonisac.adv.br\/index.php\/wp-json\/wp\/v2\/comments?post=3935"}],"version-history":[{"count":0,"href":"https:\/\/jeffersonisac.adv.br\/index.php\/wp-json\/wp\/v2\/posts\/3935\/revisions"}],"wp:attachment":[{"href":"https:\/\/jeffersonisac.adv.br\/index.php\/wp-json\/wp\/v2\/media?parent=3935"}],"wp:term":[{"taxonomy":"category","embeddable":true,"href":"https:\/\/jeffersonisac.adv.br\/index.php\/wp-json\/wp\/v2\/categories?post=3935"},{"taxonomy":"post_tag","embeddable":true,"href":"https:\/\/jeffersonisac.adv.br\/index.php\/wp-json\/wp\/v2\/tags?post=3935"}],"curies":[{"name":"wp","href":"https:\/\/api.w.org\/{rel}","templated":true}]}}