{"id":3936,"date":"2023-12-08T11:33:43","date_gmt":"2023-12-08T14:33:43","guid":{"rendered":"https:\/\/jeffersonisac.adv.br\/index.php\/2023\/12\/08\/comissao-vai-avaliar-estado-das-politicas-publicas-para-garantir-direitos-da-pessoa-com-deficiencia\/"},"modified":"2023-12-08T11:33:43","modified_gmt":"2023-12-08T14:33:43","slug":"comissao-vai-avaliar-estado-das-politicas-publicas-para-garantir-direitos-da-pessoa-com-deficiencia","status":"publish","type":"post","link":"https:\/\/jeffersonisac.adv.br\/index.php\/2023\/12\/08\/comissao-vai-avaliar-estado-das-politicas-publicas-para-garantir-direitos-da-pessoa-com-deficiencia\/","title":{"rendered":"Comiss\u00e3o vai avaliar estado das pol\u00edticas p\u00fablicas para garantir direitos da pessoa com defici\u00eancia"},"content":{"rendered":"<div class=\"image-container\">\n<div class=\"midia-creditos\"><em>Anny Karoline\/C\u00e2mara dos Deputados<\/em><\/div>\n<div class=\"media-wrapper\"><\/div>\n<div class=\"midia-legenda\">M\u00e1rcio Jerry: &#8220;Inefici\u00eancia do governo brasileiro em garantir os direitos humanos previstos na conven\u00e7\u00e3o&#8221;<\/div>\n<\/div>\n<p>A Comiss\u00e3o de Defesa dos Direitos das Pessoas com Defici\u00eancia da C\u00e2mara dos Deputados vai realizar audi\u00eancia p\u00fablica nesta ter\u00e7a-feira (12), \u00e0s 13 horas, no plen\u00e1rio 13. Deputados, especialistas e representantes de pessoas com defici\u00eancia v\u00e3o discutir os dados da pesquisa sobre a implanta\u00e7\u00e3o da Conven\u00e7\u00e3o dos Direitos das Pessoas com Defici\u00eancia.<\/p>\n<p>O estudo foi conduzida entre 2021 e 2023, em colabora\u00e7\u00e3o com a Universidade de Bras\u00edlia, a Federa\u00e7\u00e3o Nacional das APAEs e o Comit\u00ea Brasileiro de Organiza\u00e7\u00f5es Representativas das Pessoas com Defici\u00eancia (CRPD). Entre as conclus\u00f5es, a pesquisa relata uma aus\u00eancia de monitoramento por parte do governo federal para com a implementa\u00e7\u00e3o dos artigos da Conven\u00e7\u00e3o dos Direitos das Pessoas com Defici\u00eancia.<\/p>\n<p>O deputado M\u00e1rcio Jerry (PCdoB-MA), que solicitou a audi\u00eancia p\u00fablica, lamenta o estado das pol\u00edticas p\u00fablicas avaliadas pelas pesquisa. &#8220;Esse cen\u00e1rio traz como consequ\u00eancia a inefici\u00eancia do governo brasileiro em garantir os direitos humanos previstos na conven\u00e7\u00e3o&#8221;, observou. M\u00e1rcio Jerry destaca a import\u00e2ncia de revisar os indicadores avaliativos da conven\u00e7\u00e3o, conforme demonstrado pela pesquisa.<\/p>\n<p><a href=\"https:\/\/www.camara.leg.br\/evento-legislativo\/71280\">Veja aqui a rela\u00e7\u00e3o dos convidados<\/a><\/p>","protected":false},"excerpt":{"rendered":"<p>Anny Karoline\/C\u00e2mara dos Deputados M\u00e1rcio Jerry: &#8220;Inefici\u00eancia do governo brasileiro em garantir os direitos humanos previstos na conven\u00e7\u00e3o&#8221; A Comiss\u00e3o de Defesa dos Direitos das Pessoas com Defici\u00eancia da C\u00e2mara dos Deputados vai realizar audi\u00eancia p\u00fablica nesta ter\u00e7a-feira (12), \u00e0s 13 horas, no plen\u00e1rio 13. Deputados, especialistas e representantes de pessoas com defici\u00eancia v\u00e3o discutir [&hellip;]<\/p>\n","protected":false},"author":0,"featured_media":0,"comment_status":"open","ping_status":"open","sticky":false,"template":"","format":"standard","meta":{"footnotes":""},"categories":[1],"tags":[],"_links":{"self":[{"href":"https:\/\/jeffersonisac.adv.br\/index.php\/wp-json\/wp\/v2\/posts\/3936"}],"collection":[{"href":"https:\/\/jeffersonisac.adv.br\/index.php\/wp-json\/wp\/v2\/posts"}],"about":[{"href":"https:\/\/jeffersonisac.adv.br\/index.php\/wp-json\/wp\/v2\/types\/post"}],"replies":[{"embeddable":true,"href":"https:\/\/jeffersonisac.adv.br\/index.php\/wp-json\/wp\/v2\/comments?post=3936"}],"version-history":[{"count":0,"href":"https:\/\/jeffersonisac.adv.br\/index.php\/wp-json\/wp\/v2\/posts\/3936\/revisions"}],"wp:attachment":[{"href":"https:\/\/jeffersonisac.adv.br\/index.php\/wp-json\/wp\/v2\/media?parent=3936"}],"wp:term":[{"taxonomy":"category","embeddable":true,"href":"https:\/\/jeffersonisac.adv.br\/index.php\/wp-json\/wp\/v2\/categories?post=3936"},{"taxonomy":"post_tag","embeddable":true,"href":"https:\/\/jeffersonisac.adv.br\/index.php\/wp-json\/wp\/v2\/tags?post=3936"}],"curies":[{"name":"wp","href":"https:\/\/api.w.org\/{rel}","templated":true}]}}