{"id":3943,"date":"2023-12-08T17:30:51","date_gmt":"2023-12-08T20:30:51","guid":{"rendered":"https:\/\/jeffersonisac.adv.br\/index.php\/2023\/12\/08\/frente-da-educacao-reivindica-melhores-salarios-e-estimulo-a-saude-fisica-e-mental-dos-professores\/"},"modified":"2023-12-08T17:30:51","modified_gmt":"2023-12-08T20:30:51","slug":"frente-da-educacao-reivindica-melhores-salarios-e-estimulo-a-saude-fisica-e-mental-dos-professores","status":"publish","type":"post","link":"https:\/\/jeffersonisac.adv.br\/index.php\/2023\/12\/08\/frente-da-educacao-reivindica-melhores-salarios-e-estimulo-a-saude-fisica-e-mental-dos-professores\/","title":{"rendered":"Frente da Educa\u00e7\u00e3o reivindica melhores sal\u00e1rios e est\u00edmulo \u00e0 sa\u00fade f\u00edsica e mental dos professores"},"content":{"rendered":"<div class=\"image-container\">\n<div class=\"midia-creditos\"><em>Will Shutter \/ C\u00e2mara dos Deputados<\/em><\/div>\n<div class=\"media-wrapper\"><\/div>\n<div class=\"midia-legenda\">Tabata Amaral: termo representa compromisso em mudar o ensino no Brasil<\/div>\n<\/div>\n<p>A <span class=\"termoGlossario\">Frente Parlamentar<\/span> Mista pela Educa\u00e7\u00e3o assinou um termo de compromisso pela valoriza\u00e7\u00e3o dos professores. O texto traz como reivindica\u00e7\u00e3o sal\u00e1rios adequados, melhoria dos espa\u00e7os f\u00edsicos das escolas e est\u00edmulo \u00e0 sa\u00fade f\u00edsica e mental dos professores.<\/p>\n<p>Segundo a presidente do colegiado, deputada Tabata Amaral (PSB-SP), a assinatura do termo representa um compromisso em mudar o cen\u00e1rio do ensino no Brasil.<\/p>\n<p>A deputada Professora Goreth (PDT-AP), uma das coordenadoras da Comiss\u00e3o de Desenvolvimento e Valoriza\u00e7\u00e3o de Professores da bancada da educa\u00e7\u00e3o, ressaltou a import\u00e2ncia de pressionar governos e sociedade civil por mais avan\u00e7os e pelo reconhecimento da carreira do magist\u00e9rio.<\/p>\n<p>\u201cN\u00f3s precisamos debater os desafios que os professores enfrentam no nosso Pa\u00eds, apontar caminhos. N\u00f3s precisamos incentivar que jovens queiram ser professores, que \u00e9 uma profiss\u00e3o muito nobre\u201d, disse.<\/p>\n<p><strong>Pesquisa<\/strong><br \/>\nDivulgado em outubro, o \u00cdndice de Valoriza\u00e7\u00e3o do Professor (IVP) apontou que apenas um em cada quatro brasileiros acredita que professores s\u00e3o valorizados. Entre os professores, um entre cinco enxerga essa valoriza\u00e7\u00e3o.<\/p>\n<p>O indicador mediu cinco \u00e1reas:<br \/>\n&#8211; campo de atua\u00e7\u00e3o, o que envolve o reconhecimento;<br \/>\n&#8211; carreira, que trata da remunera\u00e7\u00e3o e das condi\u00e7\u00f5es de trabalho;<br \/>\n&#8211; ambiente de trabalho, sobre as rela\u00e7\u00f5es na escola entre professores, estudantes e pais;<br \/>\n&#8211; profissional, sobre compromisso e compet\u00eancia do professor; e<br \/>\n&#8211; individual, o que inclui bem-estar e realiza\u00e7\u00e3o pessoal.<\/p>\n<p>O IVP \u00e9 organizado pelo Instituto Pen\u00ednsula, uma organiza\u00e7\u00e3o social que atua nas \u00e1reas de educa\u00e7\u00e3o e esporte. A diretora de Esportes, Pesquisa e Desenvolvimento Institucional do instituto, Daniela Kimi, acredita que o IVP vai ajudar na cria\u00e7\u00e3o de novas pol\u00edticas p\u00fablicas.<\/p>\n<p>&#8220;Essa primeira vers\u00e3o do indicador mostrou, por exemplo, que a gente precisa dar mais aten\u00e7\u00e3o \u00e0s condi\u00e7\u00f5es de trabalho&#8221;, afirmou. &#8220;A gente sabe hoje que os professores trabalham em jornadas excessivas, com grande quantidade de alunos, principalmente nos anos finais do fundamental e no ensino m\u00e9dio, e tamb\u00e9m em mais de uma escola. Isso precisa ser revisto&#8221;, acrescentou.<\/p>\n<p><strong>Apoio<\/strong><br \/>\nO evento de assinatura do termo de compromisso pela valoriza\u00e7\u00e3o dos professores teve presen\u00e7a de representantes do Minist\u00e9rio da Educa\u00e7\u00e3o; da Uni\u00e3o Brasileira dos Estudantes Secundaristas; e da Uni\u00e3o Nacional dos Estudantes.<\/p>\n<p>A Frente Parlamentar Mista da Educa\u00e7\u00e3o foi criada em abril de 2019 e tem mais de 200 parlamentares. O objetivo \u00e9 defender uma educa\u00e7\u00e3o p\u00fablica de qualidade, por meio da atua\u00e7\u00e3o no Congresso Nacional.<\/p>","protected":false},"excerpt":{"rendered":"<p>Will Shutter \/ C\u00e2mara dos Deputados Tabata Amaral: termo representa compromisso em mudar o ensino no Brasil A Frente Parlamentar Mista pela Educa\u00e7\u00e3o assinou um termo de compromisso pela valoriza\u00e7\u00e3o dos professores. O texto traz como reivindica\u00e7\u00e3o sal\u00e1rios adequados, melhoria dos espa\u00e7os f\u00edsicos das escolas e est\u00edmulo \u00e0 sa\u00fade f\u00edsica e mental dos professores. Segundo [&hellip;]<\/p>\n","protected":false},"author":0,"featured_media":0,"comment_status":"open","ping_status":"open","sticky":false,"template":"","format":"standard","meta":{"footnotes":""},"categories":[1],"tags":[],"_links":{"self":[{"href":"https:\/\/jeffersonisac.adv.br\/index.php\/wp-json\/wp\/v2\/posts\/3943"}],"collection":[{"href":"https:\/\/jeffersonisac.adv.br\/index.php\/wp-json\/wp\/v2\/posts"}],"about":[{"href":"https:\/\/jeffersonisac.adv.br\/index.php\/wp-json\/wp\/v2\/types\/post"}],"replies":[{"embeddable":true,"href":"https:\/\/jeffersonisac.adv.br\/index.php\/wp-json\/wp\/v2\/comments?post=3943"}],"version-history":[{"count":0,"href":"https:\/\/jeffersonisac.adv.br\/index.php\/wp-json\/wp\/v2\/posts\/3943\/revisions"}],"wp:attachment":[{"href":"https:\/\/jeffersonisac.adv.br\/index.php\/wp-json\/wp\/v2\/media?parent=3943"}],"wp:term":[{"taxonomy":"category","embeddable":true,"href":"https:\/\/jeffersonisac.adv.br\/index.php\/wp-json\/wp\/v2\/categories?post=3943"},{"taxonomy":"post_tag","embeddable":true,"href":"https:\/\/jeffersonisac.adv.br\/index.php\/wp-json\/wp\/v2\/tags?post=3943"}],"curies":[{"name":"wp","href":"https:\/\/api.w.org\/{rel}","templated":true}]}}