{"id":3947,"date":"2023-12-08T18:35:57","date_gmt":"2023-12-08T21:35:57","guid":{"rendered":"https:\/\/jeffersonisac.adv.br\/index.php\/2023\/12\/08\/projeto-aprovado-insere-assistencia-tecnica-para-habitacao-de-interesse-social-em-plano-diretor\/"},"modified":"2023-12-08T18:35:57","modified_gmt":"2023-12-08T21:35:57","slug":"projeto-aprovado-insere-assistencia-tecnica-para-habitacao-de-interesse-social-em-plano-diretor","status":"publish","type":"post","link":"https:\/\/jeffersonisac.adv.br\/index.php\/2023\/12\/08\/projeto-aprovado-insere-assistencia-tecnica-para-habitacao-de-interesse-social-em-plano-diretor\/","title":{"rendered":"Projeto aprovado insere assist\u00eancia t\u00e9cnica para habita\u00e7\u00e3o de interesse social em plano diretor"},"content":{"rendered":"<div class=\"image-container\">\n<div class=\"midia-creditos\"><em>Vinicius Loures\/C\u00e2mara dos Deputados<\/em><\/div>\n<div class=\"media-wrapper\"><\/div>\n<div class=\"midia-legenda\">Favacho apresentou texto que aprimora o original<\/div>\n<\/div>\n<p>A Comiss\u00e3o de Desenvolvimento Urbano da C\u00e2mara dos Deputados aprovou projeto de lei (PL 3373\/19) que insere a assist\u00eancia t\u00e9cnica para habita\u00e7\u00e3o de interesse social (conhecida pela sigla Athis) no conte\u00fado obrigat\u00f3rio dos planos diretores ou projetos habitacionais para a popula\u00e7\u00e3o de baixa renda.<\/p>\n<p>A Athis \u00e9 disciplinada pela <a href=\"https:\/\/www2.camara.leg.br\/legin\/fed\/lei\/2008\/lei-11888-24-dezembro-2008-585074-norma-pl.html\">Lei 11.888\/08<\/a>. Ela assegura \u00e0s fam\u00edlias com renda mensal de at\u00e9 tr\u00eas sal\u00e1rios m\u00ednimos apoio t\u00e9cnico na elabora\u00e7\u00e3o do projeto da moradia ou acompanhamento das obras.<\/p>\n<p>Segundo o relator do PL 3373\/19, deputado Ac\u00e1cio Favacho (MDB-AP), apesar de ben\u00e9fica, a lei ainda n\u00e3o \u201cpegou\u201d por falta de conhecimento das prefeituras. Para corrigir isso, ele prop\u00f4s a inclus\u00e3o da Athis nos instrumentos de pol\u00edtica urbana.<\/p>\n<p>\u201c\u00c9 preciso, primeiramente, conduzir as prefeituras a uma forma de planejamento urbano que leve em conta a Lei da Athis\u201d, declarou.<\/p>\n<p>Favacho apresentou um texto que aprimora o original, de autoria do ex-deputado Igor Kann\u00e1rio (BA). A proposta aprovada altera o <a href=\"https:\/\/www2.camara.leg.br\/legin\/fed\/lei\/2001\/lei-10257-10-julho-2001-327901-norma-pl.html\">Estatuto da Cidade<\/a> e ainda ser\u00e1 analisada nas comiss\u00f5es de Finan\u00e7as e Tributa\u00e7\u00e3o e de Constitui\u00e7\u00e3o e Justi\u00e7a e de Cidadania (CCJ).<\/p>\n<p><a href=\"https:\/\/www.camara.leg.br\/noticias\/573454-SAIBA-MAIS-SOBRE-A-TRAMITACAO-DE-PROJETOS-DE-LEI\">Saiba mais sobre a tramita\u00e7\u00e3o de projetos de lei<\/a><\/p>","protected":false},"excerpt":{"rendered":"<p>Vinicius Loures\/C\u00e2mara dos Deputados Favacho apresentou texto que aprimora o original A Comiss\u00e3o de Desenvolvimento Urbano da C\u00e2mara dos Deputados aprovou projeto de lei (PL 3373\/19) que insere a assist\u00eancia t\u00e9cnica para habita\u00e7\u00e3o de interesse social (conhecida pela sigla Athis) no conte\u00fado obrigat\u00f3rio dos planos diretores ou projetos habitacionais para a popula\u00e7\u00e3o de baixa renda. [&hellip;]<\/p>\n","protected":false},"author":0,"featured_media":0,"comment_status":"open","ping_status":"open","sticky":false,"template":"","format":"standard","meta":{"footnotes":""},"categories":[1],"tags":[],"_links":{"self":[{"href":"https:\/\/jeffersonisac.adv.br\/index.php\/wp-json\/wp\/v2\/posts\/3947"}],"collection":[{"href":"https:\/\/jeffersonisac.adv.br\/index.php\/wp-json\/wp\/v2\/posts"}],"about":[{"href":"https:\/\/jeffersonisac.adv.br\/index.php\/wp-json\/wp\/v2\/types\/post"}],"replies":[{"embeddable":true,"href":"https:\/\/jeffersonisac.adv.br\/index.php\/wp-json\/wp\/v2\/comments?post=3947"}],"version-history":[{"count":0,"href":"https:\/\/jeffersonisac.adv.br\/index.php\/wp-json\/wp\/v2\/posts\/3947\/revisions"}],"wp:attachment":[{"href":"https:\/\/jeffersonisac.adv.br\/index.php\/wp-json\/wp\/v2\/media?parent=3947"}],"wp:term":[{"taxonomy":"category","embeddable":true,"href":"https:\/\/jeffersonisac.adv.br\/index.php\/wp-json\/wp\/v2\/categories?post=3947"},{"taxonomy":"post_tag","embeddable":true,"href":"https:\/\/jeffersonisac.adv.br\/index.php\/wp-json\/wp\/v2\/tags?post=3947"}],"curies":[{"name":"wp","href":"https:\/\/api.w.org\/{rel}","templated":true}]}}