{"id":3950,"date":"2023-12-11T11:35:35","date_gmt":"2023-12-11T14:35:35","guid":{"rendered":"https:\/\/jeffersonisac.adv.br\/index.php\/2023\/12\/11\/comissao-debate-licenciamento-ambiental-para-exploracao-de-atividades-economicas\/"},"modified":"2023-12-11T11:35:35","modified_gmt":"2023-12-11T14:35:35","slug":"comissao-debate-licenciamento-ambiental-para-exploracao-de-atividades-economicas","status":"publish","type":"post","link":"https:\/\/jeffersonisac.adv.br\/index.php\/2023\/12\/11\/comissao-debate-licenciamento-ambiental-para-exploracao-de-atividades-economicas\/","title":{"rendered":"Comiss\u00e3o debate licenciamento ambiental para explora\u00e7\u00e3o de atividades econ\u00f4micas"},"content":{"rendered":"<div class=\"image-container\">\n<div class=\"midia-creditos\"><em>Vinicius Loures\/C\u00e2mara dos Deputados<\/em><\/div>\n<div class=\"media-wrapper\"><\/div>\n<div class=\"midia-legenda\">Deputado Rodrigo Valadares pediu a realiza\u00e7\u00e3o do debate<\/div>\n<\/div>\n<p>A Comiss\u00e3o de Desenvolvimento Econ\u00f4mico da C\u00e2mara dos Deputados promove audi\u00eancia p\u00fablica nesta quinta-feira (14) sobre licenciamento ambiental para explora\u00e7\u00e3o de atividades econ\u00f4micas.<\/p>\n<p>De acordo com o deputado Rodrigo Valadares (Uni\u00e3o-SE), que prop\u00f4s o debate, a <a href=\"https:\/\/www2.camara.leg.br\/legin\/fed\/lei\/2019\/lei-13874-20-setembro-2019-789149-norma-pl.html\">Lei da Liberdade Econ\u00f4mica<\/a> criou instrumentos que permitem a dispensa de licenciamento ambiental para diversas atividades econ\u00f4micas. Mas, segundo ele, ainda h\u00e1 desafios relacionados \u00e0 explora\u00e7\u00e3o de atividades nas \u00e1reas de infraestrutura e de explora\u00e7\u00e3o mineral, de \u00f3leo e g\u00e1s.<\/p>\n<p>Valadares lembra o caso dos projetos de prospec\u00e7\u00e3o de petr\u00f3leo na foz do rio Amazonas. &#8220;O Instituto Brasileiro do Meio Ambiente e dos Recursos Naturais Renov\u00e1veis (Ibama) negou a licen\u00e7a de perfura\u00e7\u00e3o de po\u00e7os de petr\u00f3leo \u00e0 Petrobras com a alega\u00e7\u00e3o de que &#8216;a bacia da foz do Amazonas \u00e9 considerada uma regi\u00e3o de extrema sensibilidade socioambiental&#8217;, relembra o deputado.<\/p>\n<p>&#8220;A preserva\u00e7\u00e3o do meio ambiente deve ser defendida, entretanto, n\u00e3o pode ser feita de tal modo que restrinja de maneira total a explora\u00e7\u00e3o de atividades econ\u00f4micas&#8221;, afirma o deputado. Ele acrescenta que, muitas vezes, essas atividades econ\u00f4micas permitem &#8220;que as popula\u00e7\u00f5es que vivem nessas regi\u00f5es tenham melhorias em seus padr\u00f5es de vida&#8221;.<\/p>\n<p>A audi\u00eancia est\u00e1 marcada para as 10 horas, no plen\u00e1rio 5.<\/p>\n<p><a href=\"https:\/\/www.camara.leg.br\/evento-legislativo\/71231\">Veja que foi convidado para discutir o assunto com os deputados<\/a><\/p>","protected":false},"excerpt":{"rendered":"<p>Vinicius Loures\/C\u00e2mara dos Deputados Deputado Rodrigo Valadares pediu a realiza\u00e7\u00e3o do debate A Comiss\u00e3o de Desenvolvimento Econ\u00f4mico da C\u00e2mara dos Deputados promove audi\u00eancia p\u00fablica nesta quinta-feira (14) sobre licenciamento ambiental para explora\u00e7\u00e3o de atividades econ\u00f4micas. De acordo com o deputado Rodrigo Valadares (Uni\u00e3o-SE), que prop\u00f4s o debate, a Lei da Liberdade Econ\u00f4mica criou instrumentos que [&hellip;]<\/p>\n","protected":false},"author":0,"featured_media":0,"comment_status":"open","ping_status":"open","sticky":false,"template":"","format":"standard","meta":{"footnotes":""},"categories":[1],"tags":[],"_links":{"self":[{"href":"https:\/\/jeffersonisac.adv.br\/index.php\/wp-json\/wp\/v2\/posts\/3950"}],"collection":[{"href":"https:\/\/jeffersonisac.adv.br\/index.php\/wp-json\/wp\/v2\/posts"}],"about":[{"href":"https:\/\/jeffersonisac.adv.br\/index.php\/wp-json\/wp\/v2\/types\/post"}],"replies":[{"embeddable":true,"href":"https:\/\/jeffersonisac.adv.br\/index.php\/wp-json\/wp\/v2\/comments?post=3950"}],"version-history":[{"count":0,"href":"https:\/\/jeffersonisac.adv.br\/index.php\/wp-json\/wp\/v2\/posts\/3950\/revisions"}],"wp:attachment":[{"href":"https:\/\/jeffersonisac.adv.br\/index.php\/wp-json\/wp\/v2\/media?parent=3950"}],"wp:term":[{"taxonomy":"category","embeddable":true,"href":"https:\/\/jeffersonisac.adv.br\/index.php\/wp-json\/wp\/v2\/categories?post=3950"},{"taxonomy":"post_tag","embeddable":true,"href":"https:\/\/jeffersonisac.adv.br\/index.php\/wp-json\/wp\/v2\/tags?post=3950"}],"curies":[{"name":"wp","href":"https:\/\/api.w.org\/{rel}","templated":true}]}}