{"id":3953,"date":"2023-12-11T12:42:06","date_gmt":"2023-12-11T15:42:06","guid":{"rendered":"https:\/\/jeffersonisac.adv.br\/index.php\/2023\/12\/11\/comissao-realiza-seminario-sobre-politicas-publicas-para-o-queijo-artesanal-na-quinta\/"},"modified":"2023-12-11T12:42:06","modified_gmt":"2023-12-11T15:42:06","slug":"comissao-realiza-seminario-sobre-politicas-publicas-para-o-queijo-artesanal-na-quinta","status":"publish","type":"post","link":"https:\/\/jeffersonisac.adv.br\/index.php\/2023\/12\/11\/comissao-realiza-seminario-sobre-politicas-publicas-para-o-queijo-artesanal-na-quinta\/","title":{"rendered":"Comiss\u00e3o realiza semin\u00e1rio sobre pol\u00edticas p\u00fablicas para o queijo artesanal na quinta"},"content":{"rendered":"<div class=\"image-container\">\n<div class=\"midia-creditos\"><em>Divulga\u00e7\u00e3o\/Ag\u00eancia de Not\u00edcias do Paran\u00e1<\/em><\/div>\n<div class=\"media-wrapper\"><\/div>\n<div class=\"midia-legenda\">Em 2019, lei regulamentou a elabora\u00e7\u00e3o dos queijos artesanais no Brasil<\/div>\n<\/div>\n<p>A <span class=\"termoGlossario\">Comiss\u00e3o de Legisla\u00e7\u00e3o Participativa<\/span> da C\u00e2mara dos Deputados promove nesta quinta-feira (14) um semin\u00e1rio sobre o tema &#8220;Pol\u00edticas p\u00fablicas para o queijo artesanal de leite cru&#8221;.<\/p>\n<p>O evento foi proposto pelo deputado Z\u00e9 Silva (Solidariedade-MG), um dos autores do projeto que deu origem \u00e0 <a class=\"linkLegislacao\" href=\"https:\/\/www2.camara.gov.br\/legin\/fed\/lei\/2019\/lei-13860-18-julho-2019-788840-norma-pl.html\">Lei 13.860\/19<\/a>, que regulamentou a elabora\u00e7\u00e3o e comercializa\u00e7\u00e3o de queijos artesanais no Pa\u00eds.<\/p>\n<p>&#8220;Pretendemos realizar um semin\u00e1rio voltado a debater pol\u00edticas p\u00fablicas para o queijo artesanal brasileiro com a presen\u00e7a de produtores de leite e queijo, queijistas (comerciantes), curadores, pesquisadores, agentes de inspe\u00e7\u00e3o sanit\u00e1ria, profissionais da sa\u00fade e pol\u00edticos&#8221;, diz o deputado.<\/p>\n<p>O evento est\u00e1 marcado para as 14 horas, no plen\u00e1rio 3, e poder\u00e1 ser acompanhado ao vivo pelo <a href=\"https:\/\/www.youtube.com\/@CamaradosDeputadosoficial\">canal da C\u00e2mara dos Deputados no YouTube<\/a>.<\/p>\n<p><a href=\"https:\/\/www.camara.leg.br\/evento-legislativo\/71243\">Confira a programa\u00e7\u00e3o completa<\/a><\/p>","protected":false},"excerpt":{"rendered":"<p>Divulga\u00e7\u00e3o\/Ag\u00eancia de Not\u00edcias do Paran\u00e1 Em 2019, lei regulamentou a elabora\u00e7\u00e3o dos queijos artesanais no Brasil A Comiss\u00e3o de Legisla\u00e7\u00e3o Participativa da C\u00e2mara dos Deputados promove nesta quinta-feira (14) um semin\u00e1rio sobre o tema &#8220;Pol\u00edticas p\u00fablicas para o queijo artesanal de leite cru&#8221;. O evento foi proposto pelo deputado Z\u00e9 Silva (Solidariedade-MG), um dos autores [&hellip;]<\/p>\n","protected":false},"author":0,"featured_media":0,"comment_status":"open","ping_status":"open","sticky":false,"template":"","format":"standard","meta":{"footnotes":""},"categories":[1],"tags":[],"_links":{"self":[{"href":"https:\/\/jeffersonisac.adv.br\/index.php\/wp-json\/wp\/v2\/posts\/3953"}],"collection":[{"href":"https:\/\/jeffersonisac.adv.br\/index.php\/wp-json\/wp\/v2\/posts"}],"about":[{"href":"https:\/\/jeffersonisac.adv.br\/index.php\/wp-json\/wp\/v2\/types\/post"}],"replies":[{"embeddable":true,"href":"https:\/\/jeffersonisac.adv.br\/index.php\/wp-json\/wp\/v2\/comments?post=3953"}],"version-history":[{"count":0,"href":"https:\/\/jeffersonisac.adv.br\/index.php\/wp-json\/wp\/v2\/posts\/3953\/revisions"}],"wp:attachment":[{"href":"https:\/\/jeffersonisac.adv.br\/index.php\/wp-json\/wp\/v2\/media?parent=3953"}],"wp:term":[{"taxonomy":"category","embeddable":true,"href":"https:\/\/jeffersonisac.adv.br\/index.php\/wp-json\/wp\/v2\/categories?post=3953"},{"taxonomy":"post_tag","embeddable":true,"href":"https:\/\/jeffersonisac.adv.br\/index.php\/wp-json\/wp\/v2\/tags?post=3953"}],"curies":[{"name":"wp","href":"https:\/\/api.w.org\/{rel}","templated":true}]}}