{"id":3956,"date":"2023-12-11T14:21:13","date_gmt":"2023-12-11T17:21:13","guid":{"rendered":"https:\/\/jeffersonisac.adv.br\/index.php\/2023\/12\/11\/congresso-pode-votar-projetos-orcamentarios-e-vetos-de-lula-na-quinta\/"},"modified":"2023-12-11T14:21:13","modified_gmt":"2023-12-11T17:21:13","slug":"congresso-pode-votar-projetos-orcamentarios-e-vetos-de-lula-na-quinta","status":"publish","type":"post","link":"https:\/\/jeffersonisac.adv.br\/index.php\/2023\/12\/11\/congresso-pode-votar-projetos-orcamentarios-e-vetos-de-lula-na-quinta\/","title":{"rendered":"Congresso pode votar projetos or\u00e7ament\u00e1rios e vetos de Lula na quinta"},"content":{"rendered":"<div class=\"image-container\">\n<div class=\"midia-creditos\"><em>Jo\u00e9dson Alves\/Ag\u00eancia Brasil<\/em><\/div>\n<div class=\"media-wrapper\"><\/div>\n<div class=\"midia-legenda\">O veto ao marco temporal das terras ind\u00edgenas \u00e9 um dos que aguardam vota\u00e7\u00e3o<\/div>\n<\/div>\n<p>O Congresso Nacional re\u00fane-se na quinta-feira (14), \u00e0s 10 horas, para votar 39 vetos, cr\u00e9ditos extras e os projetos da Lei de Diretrizes Or\u00e7ament\u00e1rias (<span class=\"termoGlossario\">LDO<\/span>) para 2024 (<a href=\"https:\/\/www.camara.leg.br\/noticias\/953235-governo-encaminha-projeto-da-ldo-de-2024-ao-congresso\">PLN 4\/23<\/a>) e do Plano Plurianual (<span class=\"termoGlossario\">PPA<\/span>) para 2024-2027 (<a href=\"https:\/\/www.camara.leg.br\/noticias\/992992-ppa\">PLN 28\/23<\/a>).<\/p>\n<p><a href=\"https:\/\/www.congressonacional.leg.br\/sessoes\/agenda-do-congresso-nacional\/-\/pauta\/25946#pauta\">Confira a pauta completa<\/a><\/p>\n<p>O PPA foi <a href=\"https:\/\/www.camara.leg.br\/noticias\/1023037-COMISSAO-MISTA-DE-ORCAMENTO-APROVA-PLANO-PLURIANUAL-2024-2027\">aprovado pela Comiss\u00e3o Mista de Or\u00e7amento<\/a> na semana passada, e a LDO deve ser votada no colegiado na ter\u00e7a.<\/p>\n<p><strong>Vetos<br \/>\n<\/strong>Entre os vetos que aguardam vota\u00e7\u00e3o est\u00e3o os:<\/p>\n<p>do <a href=\"https:\/\/www.camara.leg.br\/noticias\/993734-LEI-DO-ARCABOUCO-FISCAL-E-SANCIONADA;-NOVO-REGIME-SUBSTITUI-O-TETO-DE-GASTOS-PUBLICOS\">novo arcabou\u00e7o fiscal<\/a>;<br \/>\ndo <a href=\"https:\/\/www.camara.leg.br\/noticias\/1000238-ALCKMIN-SANCIONA-COM-VETOS-LEI-QUE-RESTAURA-VOTO-DE-DESEMPATE-DO-GOVERNO-NO-CARF\">voto de qualidade a favor do governo nas decis\u00f5es no Conselho Administrativo de Recursos Fiscais (Carf)<\/a>; e<br \/>\ndo <a href=\"https:\/\/www.camara.leg.br\/noticias\/1009716-NOVA-LEI-SOBRE-TERRAS-INDIGENAS-E-SANCIONADA-COM-VETO-AO-MARCO-TEMPORAL\">marco temporal das terras ind\u00edgenas<\/a>.<\/p>\n<p>Para derrubar um veto presidencial \u00e9 preciso pelo menos a maioria absoluta dos votos de deputados (257) e senadores (41), computados separadamente na sess\u00e3o conjunta.<\/p>\n<p><a href=\"https:\/\/www.camara.leg.br\/noticias\/1013750-saiba-como-e-a-analise-dos-vetos-pelo-congresso-nacional\/\">Saiba como \u00e9 a an\u00e1lise dos vetos pelo Congresso Nacional<\/a><\/p>\n<p><strong>Cr\u00e9dito extra<br \/>\n<\/strong>Al\u00e9m dos vetos e dos projetos da LDO e do PPA, deputados e senadores precisam votar 20 projetos de lei que abrem cr\u00e9ditos extras de R$ 2,5 bilh\u00f5es no Or\u00e7amento deste ano. Entre eles, est\u00e3o:<\/p>\n<p>o <a href=\"https:\/\/www.camara.leg.br\/noticias\/1007345-PROJETO-ABRE-CREDITO-DE-R%24-50,8-MILHOES-PARA-AQUISICOES-DO-PODER-JUDICIARIO\">PLN 34\/23<\/a>, que abre <span class=\"termoGlossario\">cr\u00e9dito especial<\/span> de R$ 50,8 milh\u00f5es para obras e compras do Poder Judici\u00e1rio;<br \/>\no <a href=\"https:\/\/www.camara.leg.br\/noticias\/979072-PROJETO-REMANEJA-RECURSOS-PARA-A-AREA-DE-SEGURANCA-NUCLEAR-NO-ORCAMENTO-DE-2023\">PLN 14\/23<\/a>, que abre <span class=\"termoGlossario\">cr\u00e9dito suplementar<\/span> de R$ 25,8 milh\u00f5es em favor dos Minist\u00e9rios da Ci\u00eancia, Tecnologia e Inova\u00e7\u00e3o; do Desenvolvimento Agr\u00e1rio e Agricultura Familiar; e das Mulheres;<br \/>\no <a href=\"https:\/\/www.camara.leg.br\/noticias\/986176-PROJETO-TRAZ-CREDITO-PARA-AMPLIACAO-DO-CAPITAL-DA-UNIAO-NA-HEMOBRAS\">PLN 21\/23<\/a>, que destina R$ 393 milh\u00f5es para a Empresa Brasileira de Hemoderivados e Biotecnologia (Hemobr\u00e1s).<\/p>","protected":false},"excerpt":{"rendered":"<p>Jo\u00e9dson Alves\/Ag\u00eancia Brasil O veto ao marco temporal das terras ind\u00edgenas \u00e9 um dos que aguardam vota\u00e7\u00e3o O Congresso Nacional re\u00fane-se na quinta-feira (14), \u00e0s 10 horas, para votar 39 vetos, cr\u00e9ditos extras e os projetos da Lei de Diretrizes Or\u00e7ament\u00e1rias (LDO) para 2024 (PLN 4\/23) e do Plano Plurianual (PPA) para 2024-2027 (PLN 28\/23). [&hellip;]<\/p>\n","protected":false},"author":0,"featured_media":0,"comment_status":"open","ping_status":"open","sticky":false,"template":"","format":"standard","meta":{"footnotes":""},"categories":[1],"tags":[],"_links":{"self":[{"href":"https:\/\/jeffersonisac.adv.br\/index.php\/wp-json\/wp\/v2\/posts\/3956"}],"collection":[{"href":"https:\/\/jeffersonisac.adv.br\/index.php\/wp-json\/wp\/v2\/posts"}],"about":[{"href":"https:\/\/jeffersonisac.adv.br\/index.php\/wp-json\/wp\/v2\/types\/post"}],"replies":[{"embeddable":true,"href":"https:\/\/jeffersonisac.adv.br\/index.php\/wp-json\/wp\/v2\/comments?post=3956"}],"version-history":[{"count":0,"href":"https:\/\/jeffersonisac.adv.br\/index.php\/wp-json\/wp\/v2\/posts\/3956\/revisions"}],"wp:attachment":[{"href":"https:\/\/jeffersonisac.adv.br\/index.php\/wp-json\/wp\/v2\/media?parent=3956"}],"wp:term":[{"taxonomy":"category","embeddable":true,"href":"https:\/\/jeffersonisac.adv.br\/index.php\/wp-json\/wp\/v2\/categories?post=3956"},{"taxonomy":"post_tag","embeddable":true,"href":"https:\/\/jeffersonisac.adv.br\/index.php\/wp-json\/wp\/v2\/tags?post=3956"}],"curies":[{"name":"wp","href":"https:\/\/api.w.org\/{rel}","templated":true}]}}