{"id":3961,"date":"2023-12-11T16:34:19","date_gmt":"2023-12-11T19:34:19","guid":{"rendered":"https:\/\/jeffersonisac.adv.br\/index.php\/2023\/12\/11\/comissao-aprova-obrigatoriedade-de-elaboracao-de-estatisticas-sobre-violencia-contra-pessoa-com-deficiencia\/"},"modified":"2023-12-11T16:34:19","modified_gmt":"2023-12-11T19:34:19","slug":"comissao-aprova-obrigatoriedade-de-elaboracao-de-estatisticas-sobre-violencia-contra-pessoa-com-deficiencia","status":"publish","type":"post","link":"https:\/\/jeffersonisac.adv.br\/index.php\/2023\/12\/11\/comissao-aprova-obrigatoriedade-de-elaboracao-de-estatisticas-sobre-violencia-contra-pessoa-com-deficiencia\/","title":{"rendered":"Comiss\u00e3o aprova obrigatoriedade de elabora\u00e7\u00e3o de estat\u00edsticas sobre viol\u00eancia contra pessoa com defici\u00eancia"},"content":{"rendered":"<div class=\"image-container\">\n<div class=\"midia-creditos\"><em>Zeca Ribeiro \/ C\u00e2mara dos Deputados<\/em><\/div>\n<div class=\"media-wrapper\"><\/div>\n<div class=\"midia-legenda\">Cathedral: Estado precisa mapear e reduzir viol\u00eancia contra pessoas com defici\u00eancia<\/div>\n<\/div>\n<p><span>A Comiss\u00e3o de Constitui\u00e7\u00e3o e Justi\u00e7a e de Cidadania (CCJ) da C\u00e2mara dos Deputados aprovou projeto de lei que obriga o poder p\u00fablico a elaborar estat\u00edsticas sobre viol\u00eancia contra pessoas com defici\u00eancia. A proposta altera o <a class=\"linkLegislacao\" href=\"https:\/\/www2.camara.gov.br\/legin\/fed\/lei\/2015\/lei-13146-6-julho-2015-781174-norma-pl.html\">Estatuto da Pessoa com Defici\u00eancia<\/a>.\u00a0<\/span><\/p>\n<p><span>Por recomenda\u00e7\u00e3o do relator, deputado Z\u00e9 Haroldo Cathedral (PSD-RR), o texto aprovado foi o <span class=\"termoGlossario\">substitutivo<\/span> da Comiss\u00e3o de Seguran\u00e7a P\u00fablica ao <a class=\"linkProposicao\" href=\"https:\/\/www.camara.leg.br\/noticias\/645773-projeto-elaboracao-anualmente-de-estatisticas-sobre-violencia-contra-a-pessoa-com-deficiencia\">Projeto de Lei 496\/20<\/a>, do ex-deputado Geninho Zuliani. \u201cCompete ao Congresso Nacional legislar para criar ferramentas r\u00edgidas e eficazes que permitam ao Estado mapear e reduzir a viol\u00eancia contra pessoas com defici\u00eancia\u201d, disse Cathedral.<\/span><\/p>\n<p><span>De acordo com o texto aprovado, as estat\u00edsticas produzidas dever\u00e3o alimentar a base de dados do Sistema de Informa\u00e7\u00e3o para Inf\u00e2ncia e Adolesc\u00eancia (Sipia) e do Sistema de Informa\u00e7\u00e3o de Agravos e Notifica\u00e7\u00e3o (Sinan).\u00a0<\/span><\/p>\n<p><span>O Sipia registra informa\u00e7\u00f5es sobre o cumprimento dos direitos das crian\u00e7as e adolescentes. O Sinan fornece informa\u00e7\u00f5es sobre os casos de doen\u00e7as com notifica\u00e7\u00e3o compuls\u00f3ria, como dengue e hepatites virais.<\/span><\/p>\n<p><span>O projeto foi analisado em <span class=\"termoGlossario\">car\u00e1ter conclusivo<\/span> e j\u00e1 pode seguir ao Senado, a menos que haja recurso para vota\u00e7\u00e3o pelo Plen\u00e1rio da C\u00e2mara.<\/span><\/p>\n<p><a href=\"https:\/\/www.camara.leg.br\/noticias\/573454-SAIBA-MAIS-SOBRE-A-TRAMITACAO-DE-PROJETOS-DE-LEI\">Saiba mais sobre a tramita\u00e7\u00e3o de projetos de lei<\/a><\/p>","protected":false},"excerpt":{"rendered":"<p>Zeca Ribeiro \/ C\u00e2mara dos Deputados Cathedral: Estado precisa mapear e reduzir viol\u00eancia contra pessoas com defici\u00eancia A Comiss\u00e3o de Constitui\u00e7\u00e3o e Justi\u00e7a e de Cidadania (CCJ) da C\u00e2mara dos Deputados aprovou projeto de lei que obriga o poder p\u00fablico a elaborar estat\u00edsticas sobre viol\u00eancia contra pessoas com defici\u00eancia. A proposta altera o Estatuto da [&hellip;]<\/p>\n","protected":false},"author":0,"featured_media":0,"comment_status":"open","ping_status":"open","sticky":false,"template":"","format":"standard","meta":{"footnotes":""},"categories":[1],"tags":[],"_links":{"self":[{"href":"https:\/\/jeffersonisac.adv.br\/index.php\/wp-json\/wp\/v2\/posts\/3961"}],"collection":[{"href":"https:\/\/jeffersonisac.adv.br\/index.php\/wp-json\/wp\/v2\/posts"}],"about":[{"href":"https:\/\/jeffersonisac.adv.br\/index.php\/wp-json\/wp\/v2\/types\/post"}],"replies":[{"embeddable":true,"href":"https:\/\/jeffersonisac.adv.br\/index.php\/wp-json\/wp\/v2\/comments?post=3961"}],"version-history":[{"count":0,"href":"https:\/\/jeffersonisac.adv.br\/index.php\/wp-json\/wp\/v2\/posts\/3961\/revisions"}],"wp:attachment":[{"href":"https:\/\/jeffersonisac.adv.br\/index.php\/wp-json\/wp\/v2\/media?parent=3961"}],"wp:term":[{"taxonomy":"category","embeddable":true,"href":"https:\/\/jeffersonisac.adv.br\/index.php\/wp-json\/wp\/v2\/categories?post=3961"},{"taxonomy":"post_tag","embeddable":true,"href":"https:\/\/jeffersonisac.adv.br\/index.php\/wp-json\/wp\/v2\/tags?post=3961"}],"curies":[{"name":"wp","href":"https:\/\/api.w.org\/{rel}","templated":true}]}}