{"id":3967,"date":"2023-12-11T20:32:26","date_gmt":"2023-12-11T23:32:26","guid":{"rendered":"https:\/\/jeffersonisac.adv.br\/index.php\/2023\/12\/11\/presidente-da-capes-pede-extra-de-r150-milhoes-para-financiar-a-formacao-de-professores\/"},"modified":"2023-12-11T20:32:26","modified_gmt":"2023-12-11T23:32:26","slug":"presidente-da-capes-pede-extra-de-r150-milhoes-para-financiar-a-formacao-de-professores","status":"publish","type":"post","link":"https:\/\/jeffersonisac.adv.br\/index.php\/2023\/12\/11\/presidente-da-capes-pede-extra-de-r150-milhoes-para-financiar-a-formacao-de-professores\/","title":{"rendered":"Presidente da Capes pede extra de R$150 milh\u00f5es para financiar a forma\u00e7\u00e3o de professores"},"content":{"rendered":"<div class=\"image-container\">\n<div class=\"midia-creditos\"><em>Bruno Spada\/C\u00e2mara dos Deputados<\/em><\/div>\n<div class=\"media-wrapper\"><\/div>\n<div class=\"midia-legenda\">Tema foi debatido pela Comiss\u00e3o de Educa\u00e7\u00e3o<\/div>\n<\/div>\n<p>A presidente da Coordena\u00e7\u00e3o de Aperfei\u00e7oamento de Pessoal de N\u00edvel Superior (Capes), Mercedes Maria da Cunha Bustamante, pediu aos parlamentares nesta segunda-feira (11) aporte adicional de R$ 150 milh\u00f5es no Or\u00e7amento de 2024 para o \u00f3rg\u00e3o para financiar a forma\u00e7\u00e3o de professores.<\/p>\n<p>Ela participou de audi\u00eancia na Comiss\u00e3o de Educa\u00e7\u00e3o da C\u00e2mara dos Deputados.<\/p>\n<p>Conforme Bustamante, com os recursos extras seria poss\u00edvel lan\u00e7ar um edital do Programa Institucional de Bolsa de Inicia\u00e7\u00e3o \u00e0 Doc\u00eancia (Pibid) para a oferta de 90 mil bolsas de licenciatura em pedagogia que, somada \u00e0s 10 mil bolsas do Programa Resid\u00eancia Docente, totalizaria 100 mil bolsas para a forma\u00e7\u00e3o de docentes no pr\u00f3ximo ano.<\/p>\n<p>&#8220;Hoje se estima a necessidade de o Brasil formar um bilh\u00e3o de novos professores, ent\u00e3o com o Pibid n\u00f3s estar\u00edamos contemplando 10% da forma\u00e7\u00e3o de professores necess\u00e1ria&#8221;, disse. &#8220;A amplia\u00e7\u00e3o do Pibid garantiria \u00e0 inicia\u00e7\u00e3o \u00e0 doc\u00eancia uma dimens\u00e3o semelhante ao aporte conferido pela Capes \u00e0s bolsas de p\u00f3s-gradua\u00e7\u00e3o&#8221;, acrescentou Bustamante.<\/p>\n<p>Segundo n\u00fameros da Capes, com o or\u00e7amento atual, o lan\u00e7amento de 100 mil bolsas pelo Pibid implicaria em d\u00e9ficit da ordem de R$ 200 milh\u00f5es nos recursos previstos para a Capes.<\/p>\n<p>Em outubro deste ano, o\u00a0 Pibid financiou 81 mil bolsas de inicia\u00e7\u00e3o \u00e0 doc\u00eancia e residentes. O valores pagos aos bolsistas variam de R$ 700 a R$ 2100.<\/p>\n<div class=\"image-container\">\n<div class=\"midia-creditos\"><em>Bruno Spada\/C\u00e2mara dos Deputados<\/em><\/div>\n<div class=\"media-wrapper\"><\/div>\n<div class=\"midia-legenda\">Dandara: programa tem a finalidade de corrigir desigualdades sociais<\/div>\n<\/div>\n<p><strong>Pol\u00edtica Nacional<br \/>\n<\/strong>Ao longo da audi\u00eancia, os debatedores defenderam a aprova\u00e7\u00e3o de proposta que transforma o Pibid em pol\u00edtica nacional. A mat\u00e9ria est\u00e1 em an\u00e1lise na C\u00e2mara dos Deputados por meio do <a class=\"linkProposicao\" href=\"https:\/\/www.camara.leg.br\/noticias\/443160-projeto-cria-residencia-obrigatoria-para-professores-da-educacao-basica\">Projeto de Lei 7552\/14<\/a>, com relatoria do deputado Rog\u00e9rio Correia (PT-MG), que \u00e9 favor\u00e1vel \u00e0 institucionaliza\u00e7\u00e3o do programa.<\/p>\n<p>&#8220;O Pibid \u00e9 um programa que conseguiu um curso de licenciatura com crescimento muito grande, articulando teoria e pr\u00e1tica por meio de aproxima\u00e7\u00f5es do ensino superior e escola p\u00fablica de educa\u00e7\u00e3o b\u00e1sica&#8221;, defendeu o relator do texto que ainda ser\u00e1 votado na Comiss\u00e3o de Educa\u00e7\u00e3o.<\/p>\n<p>Nessa mesma linha, a diretora de pol\u00edticas educacionais do Instituto Pen\u00ednsula, organiza\u00e7\u00e3o do terceiro setor que atua na promo\u00e7\u00e3o da carreira de professores, Mariana Breim, acredita que a institucionaliza\u00e7\u00e3o do programa pode refor\u00e7ar a garantia de pagamento das bolsas.<\/p>\n<p>&#8220;O aluno precisa ter essa garantia de continuidade, ele precisa que o programa o acompanhe durante esses quatro anos de sua forma\u00e7\u00e3o e para que ele n\u00e3o precise trabalhar e possa dedicar seu tempo para se formar&#8221;, salientou.<\/p>\n<p>A deputada Dandara (PT-MG), que solicitou a audi\u00eancia, chamou a aten\u00e7\u00e3o para a finalidade de corrigir desigualdades sociais e elogiou a nova regra da Capes que permite o ac\u00famulo de bolsas financiadas com recursos federais.<\/p>\n<p>&#8220;Nesse momento em que a vida est\u00e1 t\u00e3o precarizada, n\u00f3s sabemos a dificuldade dos nossso estudantes de conseguir retornar para a universidade neste contexto p\u00f3s pandemia, muitos retornaram a suas cidades e assumiram o papel de chefia das suas fam\u00edlias&#8221;, disse a deputada.<\/p>","protected":false},"excerpt":{"rendered":"<p>Bruno Spada\/C\u00e2mara dos Deputados Tema foi debatido pela Comiss\u00e3o de Educa\u00e7\u00e3o A presidente da Coordena\u00e7\u00e3o de Aperfei\u00e7oamento de Pessoal de N\u00edvel Superior (Capes), Mercedes Maria da Cunha Bustamante, pediu aos parlamentares nesta segunda-feira (11) aporte adicional de R$ 150 milh\u00f5es no Or\u00e7amento de 2024 para o \u00f3rg\u00e3o para financiar a forma\u00e7\u00e3o de professores. Ela participou [&hellip;]<\/p>\n","protected":false},"author":0,"featured_media":0,"comment_status":"open","ping_status":"open","sticky":false,"template":"","format":"standard","meta":{"footnotes":""},"categories":[1],"tags":[],"_links":{"self":[{"href":"https:\/\/jeffersonisac.adv.br\/index.php\/wp-json\/wp\/v2\/posts\/3967"}],"collection":[{"href":"https:\/\/jeffersonisac.adv.br\/index.php\/wp-json\/wp\/v2\/posts"}],"about":[{"href":"https:\/\/jeffersonisac.adv.br\/index.php\/wp-json\/wp\/v2\/types\/post"}],"replies":[{"embeddable":true,"href":"https:\/\/jeffersonisac.adv.br\/index.php\/wp-json\/wp\/v2\/comments?post=3967"}],"version-history":[{"count":0,"href":"https:\/\/jeffersonisac.adv.br\/index.php\/wp-json\/wp\/v2\/posts\/3967\/revisions"}],"wp:attachment":[{"href":"https:\/\/jeffersonisac.adv.br\/index.php\/wp-json\/wp\/v2\/media?parent=3967"}],"wp:term":[{"taxonomy":"category","embeddable":true,"href":"https:\/\/jeffersonisac.adv.br\/index.php\/wp-json\/wp\/v2\/categories?post=3967"},{"taxonomy":"post_tag","embeddable":true,"href":"https:\/\/jeffersonisac.adv.br\/index.php\/wp-json\/wp\/v2\/tags?post=3967"}],"curies":[{"name":"wp","href":"https:\/\/api.w.org\/{rel}","templated":true}]}}