{"id":3978,"date":"2023-12-12T12:38:29","date_gmt":"2023-12-12T15:38:29","guid":{"rendered":"https:\/\/jeffersonisac.adv.br\/index.php\/2023\/12\/12\/mp-prorroga-renegociacao-de-dividas-da-baixa-renda-por-mais-tres-meses\/"},"modified":"2023-12-12T12:38:29","modified_gmt":"2023-12-12T15:38:29","slug":"mp-prorroga-renegociacao-de-dividas-da-baixa-renda-por-mais-tres-meses","status":"publish","type":"post","link":"https:\/\/jeffersonisac.adv.br\/index.php\/2023\/12\/12\/mp-prorroga-renegociacao-de-dividas-da-baixa-renda-por-mais-tres-meses\/","title":{"rendered":"MP prorroga renegocia\u00e7\u00e3o de d\u00edvidas da baixa renda por mais tr\u00eas meses"},"content":{"rendered":"<div class=\"image-container\">\n<div class=\"midia-creditos\"><em>Pillar Pedreira\/Ag\u00eancia Senado<\/em><\/div>\n<div class=\"media-wrapper\"><\/div>\n<div class=\"midia-legenda\">Al\u00e9m de d\u00edvidas com bancos, devedores podem renegociar com lojas e empresas de luz<\/div>\n<\/div>\n<p>A <a href=\"https:\/\/www.in.gov.br\/web\/dou\/-\/medida-provisoria-n-1.199-de-11-de-dezembro-de-2023-529884919\">Medida Provis\u00f3ria 1199\/23<\/a>, publicada nesta ter\u00e7a-feira (12), prorroga para mar\u00e7o de 2024 a dura\u00e7\u00e3o do programa Desenrola Brasil &#8211; Faixa 1, para a renegocia\u00e7\u00e3o de d\u00edvidas. Antes, o prazo terminaria no fim deste ano (31 de dezembro).<\/p>\n<p>O Desenrola Brasil &#8211; Faixa 1 \u00e9 voltado para pessoas de baixa renda, com ganho mensal de at\u00e9 dois sal\u00e1rios m\u00ednimos ou inscritas no Cad\u00danico. Para a Faixa 2 do programa, voltada a devedores com renda de at\u00e9 R$ 20 mil, a data de renegocia\u00e7\u00e3o n\u00e3o foi alterada e termina neste m\u00eas.<\/p>\n<p>A medida provis\u00f3ria j\u00e1 est\u00e1 valendo, mas, para virar lei, precisa ser aprovada na C\u00e2mara dos Deputados e no Senado.<\/p>\n<p>Em vigor desde julho, o Desenrola Brasil possibilita a renegocia\u00e7\u00e3o de d\u00edvidas dos brasileiros e beneficia a popula\u00e7\u00e3o que est\u00e1 com o nome negativado. O programa foi criado por medida provis\u00f3ria, transformada na <a class=\"linkLegislacao\" href=\"https:\/\/www2.camara.gov.br\/legin\/fed\/lei\/2023\/lei-14690-3-outubro-2023-794773-norma-pl.html\">Lei 14.690\/23<\/a>.<\/p>\n<p>Ele contempla d\u00edvidas financeiras (com bancos) e n\u00e3o financeiras (com lojas, empresas de luz e telefonia, entre outras) feitas at\u00e9 31 de dezembro de 2022 e com registro ativo em 28 de junho de 2023.<\/p>\n<p>De acordo com o Minist\u00e9rio da Fazenda, cerca de 10,7 milh\u00f5es de brasileiros foram atendidos pelo Desenrola Brasil at\u00e9 o in\u00edcio de dezembro (Faixas 1 e 2). Desde o in\u00edcio do programa, R$ 29 bilh\u00f5es j\u00e1 foram renegociados.<\/p>\n<p><a href=\"https:\/\/www.camara.leg.br\/noticias\/573452-saiba-mais-sobre-a-tramitacao-de-mps\/\">Saiba mais sobre a tramita\u00e7\u00e3o de medidas provis\u00f3rias<\/a><\/p>","protected":false},"excerpt":{"rendered":"<p>Pillar Pedreira\/Ag\u00eancia Senado Al\u00e9m de d\u00edvidas com bancos, devedores podem renegociar com lojas e empresas de luz A Medida Provis\u00f3ria 1199\/23, publicada nesta ter\u00e7a-feira (12), prorroga para mar\u00e7o de 2024 a dura\u00e7\u00e3o do programa Desenrola Brasil &#8211; Faixa 1, para a renegocia\u00e7\u00e3o de d\u00edvidas. Antes, o prazo terminaria no fim deste ano (31 de dezembro). [&hellip;]<\/p>\n","protected":false},"author":0,"featured_media":0,"comment_status":"open","ping_status":"open","sticky":false,"template":"","format":"standard","meta":{"footnotes":""},"categories":[1],"tags":[],"_links":{"self":[{"href":"https:\/\/jeffersonisac.adv.br\/index.php\/wp-json\/wp\/v2\/posts\/3978"}],"collection":[{"href":"https:\/\/jeffersonisac.adv.br\/index.php\/wp-json\/wp\/v2\/posts"}],"about":[{"href":"https:\/\/jeffersonisac.adv.br\/index.php\/wp-json\/wp\/v2\/types\/post"}],"replies":[{"embeddable":true,"href":"https:\/\/jeffersonisac.adv.br\/index.php\/wp-json\/wp\/v2\/comments?post=3978"}],"version-history":[{"count":0,"href":"https:\/\/jeffersonisac.adv.br\/index.php\/wp-json\/wp\/v2\/posts\/3978\/revisions"}],"wp:attachment":[{"href":"https:\/\/jeffersonisac.adv.br\/index.php\/wp-json\/wp\/v2\/media?parent=3978"}],"wp:term":[{"taxonomy":"category","embeddable":true,"href":"https:\/\/jeffersonisac.adv.br\/index.php\/wp-json\/wp\/v2\/categories?post=3978"},{"taxonomy":"post_tag","embeddable":true,"href":"https:\/\/jeffersonisac.adv.br\/index.php\/wp-json\/wp\/v2\/tags?post=3978"}],"curies":[{"name":"wp","href":"https:\/\/api.w.org\/{rel}","templated":true}]}}