{"id":3988,"date":"2023-12-12T20:45:13","date_gmt":"2023-12-12T23:45:13","guid":{"rendered":"https:\/\/jeffersonisac.adv.br\/index.php\/2023\/12\/12\/deputados-analisam-projeto-que-cria-pensao-para-pessoas-com-sequelas-relacionadas-ao-zika-virus-acompanhe\/"},"modified":"2023-12-12T20:45:13","modified_gmt":"2023-12-12T23:45:13","slug":"deputados-analisam-projeto-que-cria-pensao-para-pessoas-com-sequelas-relacionadas-ao-zika-virus-acompanhe","status":"publish","type":"post","link":"https:\/\/jeffersonisac.adv.br\/index.php\/2023\/12\/12\/deputados-analisam-projeto-que-cria-pensao-para-pessoas-com-sequelas-relacionadas-ao-zika-virus-acompanhe\/","title":{"rendered":"Deputados analisam projeto que cria pens\u00e3o para pessoas com sequelas relacionadas ao Zika v\u00edrus; acompanhe"},"content":{"rendered":"<div class=\"image-container\">\n<div class=\"midia-creditos\"><em>Bruno Spada\/C\u00e2mara dos Deputados<\/em><\/div>\n<div class=\"media-wrapper\"><\/div>\n<div class=\"midia-legenda\">Maria do Ros\u00e1rio preside a sess\u00e3o do Plen\u00e1rio<\/div>\n<\/div>\n<p>A C\u00e2mara dos Deputados analisa agora proposta que concede pens\u00e3o vital\u00edcia \u00e0s pessoas com microcefalia ou s\u00edndrome de Guillain-Barr\u00e9 adquiridas pela contamina\u00e7\u00e3o por Zika v\u00edrus. A medida consta do <a href=\"https:\/\/www.camara.leg.br\/noticias\/974775-COMISSAO-APROVA-INDENIZACAO-E-PENSAO-ESPECIAL-AS-PESSOAS-COM-COMPLICACOES-DO-ZIKA-VIRUS\">Projeto de Lei 3974\/15<\/a>, da ex-deputada e atual senadora Mara Gabrilli (PSD-SP).<\/p>\n<p>A S\u00edndrome de Guillain-Barr\u00e9 \u00e9 uma doen\u00e7a do sistema nervoso provocada por uma rea\u00e7\u00e3o do sistema imunol\u00f3gico.<\/p>\n<p><a href=\"https:\/\/youtu.be\/-HSiy8o7x9M\">Assista \u00e0 sess\u00e3o ao vivo<\/a><\/p>\n<p><strong>Mais informa\u00e7\u00f5es em instantes<\/strong><\/p>","protected":false},"excerpt":{"rendered":"<p>Bruno Spada\/C\u00e2mara dos Deputados Maria do Ros\u00e1rio preside a sess\u00e3o do Plen\u00e1rio A C\u00e2mara dos Deputados analisa agora proposta que concede pens\u00e3o vital\u00edcia \u00e0s pessoas com microcefalia ou s\u00edndrome de Guillain-Barr\u00e9 adquiridas pela contamina\u00e7\u00e3o por Zika v\u00edrus. A medida consta do Projeto de Lei 3974\/15, da ex-deputada e atual senadora Mara Gabrilli (PSD-SP). A S\u00edndrome [&hellip;]<\/p>\n","protected":false},"author":0,"featured_media":0,"comment_status":"open","ping_status":"open","sticky":false,"template":"","format":"standard","meta":{"footnotes":""},"categories":[1],"tags":[],"_links":{"self":[{"href":"https:\/\/jeffersonisac.adv.br\/index.php\/wp-json\/wp\/v2\/posts\/3988"}],"collection":[{"href":"https:\/\/jeffersonisac.adv.br\/index.php\/wp-json\/wp\/v2\/posts"}],"about":[{"href":"https:\/\/jeffersonisac.adv.br\/index.php\/wp-json\/wp\/v2\/types\/post"}],"replies":[{"embeddable":true,"href":"https:\/\/jeffersonisac.adv.br\/index.php\/wp-json\/wp\/v2\/comments?post=3988"}],"version-history":[{"count":0,"href":"https:\/\/jeffersonisac.adv.br\/index.php\/wp-json\/wp\/v2\/posts\/3988\/revisions"}],"wp:attachment":[{"href":"https:\/\/jeffersonisac.adv.br\/index.php\/wp-json\/wp\/v2\/media?parent=3988"}],"wp:term":[{"taxonomy":"category","embeddable":true,"href":"https:\/\/jeffersonisac.adv.br\/index.php\/wp-json\/wp\/v2\/categories?post=3988"},{"taxonomy":"post_tag","embeddable":true,"href":"https:\/\/jeffersonisac.adv.br\/index.php\/wp-json\/wp\/v2\/tags?post=3988"}],"curies":[{"name":"wp","href":"https:\/\/api.w.org\/{rel}","templated":true}]}}