{"id":3997,"date":"2023-12-13T10:38:06","date_gmt":"2023-12-13T13:38:06","guid":{"rendered":"https:\/\/jeffersonisac.adv.br\/index.php\/2023\/12\/13\/debatedores-apontam-vantagens-do-uso-do-sistema-de-medicao-centralizada-assista\/"},"modified":"2023-12-13T10:38:06","modified_gmt":"2023-12-13T13:38:06","slug":"debatedores-apontam-vantagens-do-uso-do-sistema-de-medicao-centralizada-assista","status":"publish","type":"post","link":"https:\/\/jeffersonisac.adv.br\/index.php\/2023\/12\/13\/debatedores-apontam-vantagens-do-uso-do-sistema-de-medicao-centralizada-assista\/","title":{"rendered":"Debatedores apontam vantagens do uso do Sistema de Medi\u00e7\u00e3o Centralizada; assista"},"content":{"rendered":"<div class=\"video-container youtube youtube-100\">\n<div class=\"midia-creditos\"><\/div>\n\n<div class=\"midia-legenda\"><\/div>\n<\/div>\n<p>\u00a0<\/p>\n<p>A Comiss\u00e3o de Minas e Energia da C\u00e2mara dos Deputados realizou audi\u00eancia p\u00fablica na ter\u00e7a-feira (12) para debater a tecnologia dos medidores de energia inteligentes. O chamado Sistema de Medi\u00e7\u00e3o Centralizada (SMC) poderia contribuir para reduzir as perdas n\u00e3o t\u00e9cnicas e os custos do setor el\u00e9trico, e ter impactos na qualidade do servi\u00e7o prestado ao consumidor.<\/p>\n<p>O evento foi conduzido pelo deputado Geraldo Mendes (Uni\u00e3o-PR).<\/p>\n<p>O representante do Inmetro na audi\u00eancia, Marcelo Morais, ressaltou que a regulamenta\u00e7\u00e3o desses aparelhos resulta na maior seguran\u00e7a dos medidores centralizados.<\/p>\n<p>O presidente da Frente Nacional dos Consumidores de Energia, Luiz Eduardo Barata, elogiou a iniciativa parlamentar de examinar os medidores centralizados e afirmou que o pre\u00e7o da energia el\u00e9trica no Brasil \u00e9 um dos mais altos do mundo.<\/p>","protected":false},"excerpt":{"rendered":"<p>\u00a0 A Comiss\u00e3o de Minas e Energia da C\u00e2mara dos Deputados realizou audi\u00eancia p\u00fablica na ter\u00e7a-feira (12) para debater a tecnologia dos medidores de energia inteligentes. O chamado Sistema de Medi\u00e7\u00e3o Centralizada (SMC) poderia contribuir para reduzir as perdas n\u00e3o t\u00e9cnicas e os custos do setor el\u00e9trico, e ter impactos na qualidade do servi\u00e7o prestado [&hellip;]<\/p>\n","protected":false},"author":0,"featured_media":0,"comment_status":"open","ping_status":"open","sticky":false,"template":"","format":"standard","meta":{"footnotes":""},"categories":[1],"tags":[],"_links":{"self":[{"href":"https:\/\/jeffersonisac.adv.br\/index.php\/wp-json\/wp\/v2\/posts\/3997"}],"collection":[{"href":"https:\/\/jeffersonisac.adv.br\/index.php\/wp-json\/wp\/v2\/posts"}],"about":[{"href":"https:\/\/jeffersonisac.adv.br\/index.php\/wp-json\/wp\/v2\/types\/post"}],"replies":[{"embeddable":true,"href":"https:\/\/jeffersonisac.adv.br\/index.php\/wp-json\/wp\/v2\/comments?post=3997"}],"version-history":[{"count":0,"href":"https:\/\/jeffersonisac.adv.br\/index.php\/wp-json\/wp\/v2\/posts\/3997\/revisions"}],"wp:attachment":[{"href":"https:\/\/jeffersonisac.adv.br\/index.php\/wp-json\/wp\/v2\/media?parent=3997"}],"wp:term":[{"taxonomy":"category","embeddable":true,"href":"https:\/\/jeffersonisac.adv.br\/index.php\/wp-json\/wp\/v2\/categories?post=3997"},{"taxonomy":"post_tag","embeddable":true,"href":"https:\/\/jeffersonisac.adv.br\/index.php\/wp-json\/wp\/v2\/tags?post=3997"}],"curies":[{"name":"wp","href":"https:\/\/api.w.org\/{rel}","templated":true}]}}