{"id":4001,"date":"2023-12-13T10:38:06","date_gmt":"2023-12-13T13:38:06","guid":{"rendered":"https:\/\/jeffersonisac.adv.br\/index.php\/2023\/12\/13\/comissao-retoma-votacao-de-relatorios-setoriais-do-orcamento-de-2024\/"},"modified":"2023-12-13T10:38:06","modified_gmt":"2023-12-13T13:38:06","slug":"comissao-retoma-votacao-de-relatorios-setoriais-do-orcamento-de-2024","status":"publish","type":"post","link":"https:\/\/jeffersonisac.adv.br\/index.php\/2023\/12\/13\/comissao-retoma-votacao-de-relatorios-setoriais-do-orcamento-de-2024\/","title":{"rendered":"Comiss\u00e3o retoma vota\u00e7\u00e3o de relat\u00f3rios setoriais do Or\u00e7amento de 2024"},"content":{"rendered":"<div class=\"image-container\">\n<div class=\"midia-creditos\"><em>Vinicius Loures\/C\u00e2mara dos Deputados<\/em><\/div>\n<div class=\"media-wrapper\"><\/div>\n<div class=\"midia-legenda\">Daniella Ribeiro (C) cobra a apresenta\u00e7\u00e3o dos relat\u00f3rios parciais que faltam<\/div>\n<\/div>\n<p>A <span class=\"termoGlossario\">Comiss\u00e3o Mista de Or\u00e7amento<\/span> do Congresso re\u00fane-se \u00e0s 10 horas, no plen\u00e1rio 2, para retomar a vota\u00e7\u00e3o dos relat\u00f3rios setoriais do Or\u00e7amento de 2024 (<a href=\"https:\/\/www.camara.leg.br\/noticias\/993644-orcamento-de-2024-preve-minimo-de-r-1-421\">PLN 29\/23<\/a>). Ao todo s\u00e3o 16 relat\u00f3rios, o colegiado j\u00e1 aprovou 4:<\/p>\n<p><a href=\"https:\/\/www.camara.leg.br\/noticias\/1025017-transferencias-especiais-devem-chegar-a-r-8-bilhoes-no-orcamento-de-2024\/\">Fazenda, Planejamento, Ind\u00fastria e Com\u00e9rcio<\/a>;<br \/>\n<a href=\"https:\/\/www.camara.leg.br\/noticias\/1025000-inflacao-menor-deve-reduzir-reajuste-do-salario-minimo\/\">Trabalho e Previd\u00eancia<\/a>;<br \/>\n<a href=\"https:\/\/www.camara.leg.br\/noticias\/1025046-relator-setorial-do-orcamento-de-2024-pede-recomposicao-de-cortes-nas-despesas-dos-poderes\/\">Poderes de Estado e Representa\u00e7\u00e3o<\/a>; e<br \/>\n<a href=\"https:\/\/www.camara.leg.br\/noticias\/1025031-emendas-parlamentares-elevam-recursos-dos-ministerios-da-integracao-regional-e-do-meio-ambiente\/\">Integra\u00e7\u00e3o, Desenvolvimento Regional e Meio Ambiente<\/a>.<\/p>\n<p>Outros 5 relat\u00f3rios j\u00e1 foram apresentados e podem ser votados hoje. S\u00e3o eles:<\/p>\n<p><a href=\"https:\/\/www.camara.leg.br\/noticias\/1025444-relator-da-area-de-educacao-e-cultura-do-orcamento-pede-mais-r-25-bi-para-as-universidades-federais\/\">Educa\u00e7\u00e3o e Cultura;<\/a><br \/>\n<a href=\"https:\/\/www.camara.leg.br\/noticias\/1025659-relator-eleva-recursos-para-a-agropecuaria-no-orcamento-de-2024\/\"><span class=\"internal-link\">Agricultura, Desenvolvimento Agr\u00e1rio e Pesca;<\/span><\/a><br \/>\n<a href=\"https:\/\/www.camara.leg.br\/noticias\/1025459-orcamento-do-ministerio-do-turismo-para-2024-deve-dobrar-apos-votacao-de-relatorio-setorial\/\">Turismo<\/a>;<br \/>\n<a href=\"https:\/\/www.camara.leg.br\/noticias\/1025688-parlamentares-priorizam-recursos-para-a-area-de-esporte-no-orcamento-de-2024\/\">Esporte<\/a>;<br \/>\n<a href=\"https:\/\/www.camara.leg.br\/noticias\/1025731-area-de-mulheres-e-direitos-humanos-deve-ter-disponivel-cerca-de-r-2-bilhoes-no-orcamento-de-2024\/\">Mulheres e Direitos Humanos.<\/a><\/p>\n<p>A presidente do colegiado, senadora Daniella Ribeiro (PSD-PB), quer concluir a vota\u00e7\u00e3o de todos os relat\u00f3rios setoriais at\u00e9 quinta-feira (14). A previs\u00e3o \u00e9 que o relat\u00f3rio-geral seja votado na comiss\u00e3o no dia 20.<\/p>\n<p><a href=\"https:\/\/www.camara.leg.br\/noticias\/1022192-CRONOGRAMA-DA-VOTACAO-DO-ORCAMENTO-DE-2024-E-ALTERADO\">Confira o cronograma de vota\u00e7\u00e3o do Or\u00e7amento<\/a><\/p>","protected":false},"excerpt":{"rendered":"<p>Vinicius Loures\/C\u00e2mara dos Deputados Daniella Ribeiro (C) cobra a apresenta\u00e7\u00e3o dos relat\u00f3rios parciais que faltam A Comiss\u00e3o Mista de Or\u00e7amento do Congresso re\u00fane-se \u00e0s 10 horas, no plen\u00e1rio 2, para retomar a vota\u00e7\u00e3o dos relat\u00f3rios setoriais do Or\u00e7amento de 2024 (PLN 29\/23). Ao todo s\u00e3o 16 relat\u00f3rios, o colegiado j\u00e1 aprovou 4: Fazenda, Planejamento, Ind\u00fastria [&hellip;]<\/p>\n","protected":false},"author":0,"featured_media":0,"comment_status":"open","ping_status":"open","sticky":false,"template":"","format":"standard","meta":{"footnotes":""},"categories":[1],"tags":[],"_links":{"self":[{"href":"https:\/\/jeffersonisac.adv.br\/index.php\/wp-json\/wp\/v2\/posts\/4001"}],"collection":[{"href":"https:\/\/jeffersonisac.adv.br\/index.php\/wp-json\/wp\/v2\/posts"}],"about":[{"href":"https:\/\/jeffersonisac.adv.br\/index.php\/wp-json\/wp\/v2\/types\/post"}],"replies":[{"embeddable":true,"href":"https:\/\/jeffersonisac.adv.br\/index.php\/wp-json\/wp\/v2\/comments?post=4001"}],"version-history":[{"count":0,"href":"https:\/\/jeffersonisac.adv.br\/index.php\/wp-json\/wp\/v2\/posts\/4001\/revisions"}],"wp:attachment":[{"href":"https:\/\/jeffersonisac.adv.br\/index.php\/wp-json\/wp\/v2\/media?parent=4001"}],"wp:term":[{"taxonomy":"category","embeddable":true,"href":"https:\/\/jeffersonisac.adv.br\/index.php\/wp-json\/wp\/v2\/categories?post=4001"},{"taxonomy":"post_tag","embeddable":true,"href":"https:\/\/jeffersonisac.adv.br\/index.php\/wp-json\/wp\/v2\/tags?post=4001"}],"curies":[{"name":"wp","href":"https:\/\/api.w.org\/{rel}","templated":true}]}}