{"id":4004,"date":"2023-12-13T11:57:41","date_gmt":"2023-12-13T14:57:41","guid":{"rendered":"https:\/\/jeffersonisac.adv.br\/index.php\/2023\/12\/13\/parlamentares-lancam-frente-em-defesa-da-economia-criativa\/"},"modified":"2023-12-13T11:57:41","modified_gmt":"2023-12-13T14:57:41","slug":"parlamentares-lancam-frente-em-defesa-da-economia-criativa","status":"publish","type":"post","link":"https:\/\/jeffersonisac.adv.br\/index.php\/2023\/12\/13\/parlamentares-lancam-frente-em-defesa-da-economia-criativa\/","title":{"rendered":"Parlamentares lan\u00e7am frente em defesa da economia criativa"},"content":{"rendered":"<div class=\"image-container\">\n<div class=\"midia-creditos\"><em>Divulga\u00e7\u00e3o<\/em><\/div>\n<div class=\"media-wrapper\"><\/div>\n<div class=\"midia-legenda\">L\u00eddice da Mata (C) preside solenidade de instala\u00e7\u00e3o do novo grupo<\/div>\n<\/div>\n<p>Foi lan\u00e7ada nesta ter\u00e7a-feira (12) no Congresso Nacional a <span class=\"termoGlossario\">Frente Parlamentar<\/span> Mista da Economia Criativa. A solenidade contou com a presen\u00e7a de autoridades, como os ministros M\u00e1rcio Fran\u00e7a (Empreendedorismo e Microempresa) e Margareth Menezes (Cultura).<\/p>\n<p>O grupo ser\u00e1 presidido pela deputada L\u00eddice da Mata (PSB-BA), que \u00e9 autora do\u00a0Projeto de Lei 2732\/22, que cria a Pol\u00edtica Nacional de Desenvolvimento da Economia Criativa.<\/p>\n<p>\u201cO setor \u00e9 baseado na abund\u00e2ncia e n\u00e3o na escassez de recursos, pois seu insumo principal \u00e9 a criatividade e o conhecimento humano associados \u00e0 intelig\u00eancia artificial&#8221;, afirmou a deputada.<\/p>\n<p><strong>Economia do carnaval<\/strong><br \/>\n\u201cO carnaval da Bahia \u00e9 um grande exemplo do entrela\u00e7amento de cultura, tecnologia e talento criativo, que se transformam em neg\u00f3cios&#8221;, disse a parlamentar.<\/p>\n<p>&#8220;No centro disso, h\u00e1 uma cria\u00e7\u00e3o tecnol\u00f3gica hoje com um alto grau de sofistica\u00e7\u00e3o: o Trio El\u00e9trico, que, por sua vez, gerou o movimento da Ax\u00e9 Music, que incorpora o <em>e-commerce<\/em> com a venda de abad\u00e1s e camarotes&#8221;, detalhou L\u00eddice.<\/p>\n<p>A ministra da Cultura, Margareth Menezes, tamb\u00e9m refor\u00e7ou o poder da economia criativa na gera\u00e7\u00e3o de emprego e renda no setor cultural. E ressaltou que a economia criativa \u00e9 um dos poucos setores em que h\u00e1 uma presen\u00e7a significativa de grupos historicamente marginalizados: mulheres, popula\u00e7\u00f5es ind\u00edgenas, pessoas perif\u00e9ricas.<\/p>","protected":false},"excerpt":{"rendered":"<p>Divulga\u00e7\u00e3o L\u00eddice da Mata (C) preside solenidade de instala\u00e7\u00e3o do novo grupo Foi lan\u00e7ada nesta ter\u00e7a-feira (12) no Congresso Nacional a Frente Parlamentar Mista da Economia Criativa. A solenidade contou com a presen\u00e7a de autoridades, como os ministros M\u00e1rcio Fran\u00e7a (Empreendedorismo e Microempresa) e Margareth Menezes (Cultura). O grupo ser\u00e1 presidido pela deputada L\u00eddice da [&hellip;]<\/p>\n","protected":false},"author":0,"featured_media":0,"comment_status":"open","ping_status":"open","sticky":false,"template":"","format":"standard","meta":{"footnotes":""},"categories":[1],"tags":[],"_links":{"self":[{"href":"https:\/\/jeffersonisac.adv.br\/index.php\/wp-json\/wp\/v2\/posts\/4004"}],"collection":[{"href":"https:\/\/jeffersonisac.adv.br\/index.php\/wp-json\/wp\/v2\/posts"}],"about":[{"href":"https:\/\/jeffersonisac.adv.br\/index.php\/wp-json\/wp\/v2\/types\/post"}],"replies":[{"embeddable":true,"href":"https:\/\/jeffersonisac.adv.br\/index.php\/wp-json\/wp\/v2\/comments?post=4004"}],"version-history":[{"count":0,"href":"https:\/\/jeffersonisac.adv.br\/index.php\/wp-json\/wp\/v2\/posts\/4004\/revisions"}],"wp:attachment":[{"href":"https:\/\/jeffersonisac.adv.br\/index.php\/wp-json\/wp\/v2\/media?parent=4004"}],"wp:term":[{"taxonomy":"category","embeddable":true,"href":"https:\/\/jeffersonisac.adv.br\/index.php\/wp-json\/wp\/v2\/categories?post=4004"},{"taxonomy":"post_tag","embeddable":true,"href":"https:\/\/jeffersonisac.adv.br\/index.php\/wp-json\/wp\/v2\/tags?post=4004"}],"curies":[{"name":"wp","href":"https:\/\/api.w.org\/{rel}","templated":true}]}}