{"id":4026,"date":"2023-12-13T23:04:05","date_gmt":"2023-12-14T02:04:05","guid":{"rendered":"https:\/\/jeffersonisac.adv.br\/index.php\/2023\/12\/13\/camara-aprova-direcionamento-de-recursos-para-pagar-incentivo-a-estudantes-do-ensino-medio-acompanhe\/"},"modified":"2023-12-13T23:04:05","modified_gmt":"2023-12-14T02:04:05","slug":"camara-aprova-direcionamento-de-recursos-para-pagar-incentivo-a-estudantes-do-ensino-medio-acompanhe","status":"publish","type":"post","link":"https:\/\/jeffersonisac.adv.br\/index.php\/2023\/12\/13\/camara-aprova-direcionamento-de-recursos-para-pagar-incentivo-a-estudantes-do-ensino-medio-acompanhe\/","title":{"rendered":"C\u00e2mara aprova direcionamento de recursos para pagar incentivo a estudantes do ensino m\u00e9dio; acompanhe"},"content":{"rendered":"<div class=\"image-container\">\n<div class=\"midia-creditos\"><em>Zeca Ribeiro\/C\u00e2mara dos Deputados<\/em><\/div>\n<div class=\"media-wrapper\"><\/div>\n<div class=\"midia-legenda\">Pedro Uczai, relator do projeto<\/div>\n<\/div>\n<p>A C\u00e2mara dos Deputados aprovou nesta quarta-feira (13) projeto que direciona recursos do Fundo Social para pagar o incentivo de perman\u00eancia de estudantes pobres no ensino m\u00e9dio. A proposta ser\u00e1 enviada \u00e0 san\u00e7\u00e3o presidencial.<\/p>\n<p>De autoria do Senado Federal, o Projeto de Lei Complementar (PLP) 243\/23 contou com parecer favor\u00e1vel do relator, deputado Pedro Uczai (PT-SC).<\/p>\n<p>O texto permite o uso de at\u00e9 R$ 6 bilh\u00f5es do super\u00e1vit do Fundo Social, no Or\u00e7amento de 2023, para essa finalidade, abrindo nova exce\u00e7\u00e3o no limite do super\u00e1vit prim\u00e1rio previsto na lei das novas regras fiscais (<a class=\"linkLegislacao\" href=\"https:\/\/www2.camara.gov.br\/legin\/fed\/leicom\/2023\/leicomplementar-200-30-agosto-2023-794631-norma-pl.html\">Lei Complementar 200\/23<\/a>).<\/p>\n<p>A inten\u00e7\u00e3o do governo \u00e9 garantir recursos do Fundo Social deste ano para serem executados em 2024, pois o programa de incentivos ainda n\u00e3o foi regulamentado desde a edi\u00e7\u00e3o da <a href=\"https:\/\/www.camara.leg.br\/noticias\/1020689-MEDIDA-PROVISORIA-CRIA-INCENTIVO-FINANCEIRO-PARA-JOVENS-CONCLUIREM-ENSINO-MEDIO\">Medida Provis\u00f3ria 1198\/23<\/a>, em novembro deste ano.<\/p>\n<p>J\u00e1 a oposi\u00e7\u00e3o critica o artif\u00edcio utilizado, caracterizando-o como \u201ccontabilidade criativa\u201d, pois o direcionamento dos recursos de 2023 ao fundo criado pela MP constar\u00e1 como despesa no Or\u00e7amento deste ano, mas efetivamente seu desembolso ocorrer\u00e1 em 2024, deixando de pressionar o Or\u00e7amento do pr\u00f3ximo ano, para o qual h\u00e1 meta de d\u00e9ficit prim\u00e1rio zero.<\/p>\n<p>A C\u00e2mara dos Deputados aprovou ontem (12) o <a href=\"https:\/\/www.camara.leg.br\/noticias\/1025585-CAMARA-APROVA-PROJETO-QUE-CRIA-INCENTIVO-FINANCEIRO-AO-ESTUDANTE-DO-ENSINO-MEDIO\">Projeto de Lei 54\/21<\/a>, da deputada Tabata Amaral (PSB-SP) e relatado tamb\u00e9m por Uczai, que incorporou a maior parte do texto da MP, prevendo uso de um total de R$ 13 bilh\u00f5es do Fundo Social para o programa de 2024 a 2026.<\/p>\n<p><strong>D\u00edvida x Educa\u00e7\u00e3o<\/strong><br \/>\nO Fundo Social foi criado para receber recursos do governo federal com a explora\u00e7\u00e3o do petr\u00f3leo do <span class=\"termoGlossario\">pr\u00e9-sal<\/span> sob os contratos de partilha de produ\u00e7\u00e3o.<br \/>\nO fundo deve custear a\u00e7\u00f5es em outras \u00e1reas tamb\u00e9m, como sa\u00fade p\u00fablica, ci\u00eancia e tecnologia, meio ambiente e mitiga\u00e7\u00e3o e adapta\u00e7\u00e3o \u00e0s mudan\u00e7as clim\u00e1ticas.<\/p>\n<p>Embora tenha acumulado recursos desde sua cria\u00e7\u00e3o, eles t\u00eam sido usados para perseguir metas de resultado prim\u00e1rio.<\/p>\n<p>Dados do Tribunal de Contas da Uni\u00e3o (<span class=\"termoGlossario\">TCU<\/span>) indicam que a amortiza\u00e7\u00e3o da d\u00edvida p\u00fablica usou, nos \u00faltimos dois anos, 44% de toda a arrecada\u00e7\u00e3o acumulada do Fundo Social desde que foi criado, em 2012.<\/p>\n<p>De acordo com o tribunal, o fundo arrecadou, de 2012 a 2022, R$ 145,7 bilh\u00f5es. Embora a maior parte desse dinheiro tenha sido direcionado \u00e0 educa\u00e7\u00e3o (R$ 66 bilh\u00f5es), outros R$ 64 bilh\u00f5es foram para pagar d\u00edvida conforme autorizado pela <a href=\"http:\/\/www2.camara.leg.br\/legin\/fed\/emecon\/2021\/emendaconstitucional-109-15-marco-2021-791136-norma-pl.html\">Emenda Constitucional 109<\/a>, de 2021, oriunda da chamada PEC Emergencial na \u00e9poca da pandemia de Covid-19.<\/p>\n<p><a href=\"https:\/\/www.camara.leg.br\/noticias\/606442-conheca-a-tramitacao-de-projetos-de-lei-complementar\/\">Saiba mais sobre a tramita\u00e7\u00e3o de projetos de lei complementar<\/a><\/p>","protected":false},"excerpt":{"rendered":"<p>Zeca Ribeiro\/C\u00e2mara dos Deputados Pedro Uczai, relator do projeto A C\u00e2mara dos Deputados aprovou nesta quarta-feira (13) projeto que direciona recursos do Fundo Social para pagar o incentivo de perman\u00eancia de estudantes pobres no ensino m\u00e9dio. A proposta ser\u00e1 enviada \u00e0 san\u00e7\u00e3o presidencial. De autoria do Senado Federal, o Projeto de Lei Complementar (PLP) 243\/23 [&hellip;]<\/p>\n","protected":false},"author":0,"featured_media":0,"comment_status":"open","ping_status":"open","sticky":false,"template":"","format":"standard","meta":{"footnotes":""},"categories":[1],"tags":[],"_links":{"self":[{"href":"https:\/\/jeffersonisac.adv.br\/index.php\/wp-json\/wp\/v2\/posts\/4026"}],"collection":[{"href":"https:\/\/jeffersonisac.adv.br\/index.php\/wp-json\/wp\/v2\/posts"}],"about":[{"href":"https:\/\/jeffersonisac.adv.br\/index.php\/wp-json\/wp\/v2\/types\/post"}],"replies":[{"embeddable":true,"href":"https:\/\/jeffersonisac.adv.br\/index.php\/wp-json\/wp\/v2\/comments?post=4026"}],"version-history":[{"count":0,"href":"https:\/\/jeffersonisac.adv.br\/index.php\/wp-json\/wp\/v2\/posts\/4026\/revisions"}],"wp:attachment":[{"href":"https:\/\/jeffersonisac.adv.br\/index.php\/wp-json\/wp\/v2\/media?parent=4026"}],"wp:term":[{"taxonomy":"category","embeddable":true,"href":"https:\/\/jeffersonisac.adv.br\/index.php\/wp-json\/wp\/v2\/categories?post=4026"},{"taxonomy":"post_tag","embeddable":true,"href":"https:\/\/jeffersonisac.adv.br\/index.php\/wp-json\/wp\/v2\/tags?post=4026"}],"curies":[{"name":"wp","href":"https:\/\/api.w.org\/{rel}","templated":true}]}}