{"id":4034,"date":"2023-12-14T12:26:33","date_gmt":"2023-12-14T15:26:33","guid":{"rendered":"https:\/\/jeffersonisac.adv.br\/index.php\/2023\/12\/14\/congresso-inicia-sessao-conjunta-para-analisar-vetos-e-projetos-de-credito-acompanhe\/"},"modified":"2023-12-14T12:26:33","modified_gmt":"2023-12-14T15:26:33","slug":"congresso-inicia-sessao-conjunta-para-analisar-vetos-e-projetos-de-credito-acompanhe","status":"publish","type":"post","link":"https:\/\/jeffersonisac.adv.br\/index.php\/2023\/12\/14\/congresso-inicia-sessao-conjunta-para-analisar-vetos-e-projetos-de-credito-acompanhe\/","title":{"rendered":"Congresso inicia sess\u00e3o conjunta para analisar vetos e projetos de cr\u00e9dito; acompanhe"},"content":{"rendered":"<div class=\"image-container\">\n<div class=\"midia-creditos\"><em>Zeca Ribeiro \/ C\u00e2mara dos Deputados<\/em><\/div>\n<div class=\"media-wrapper\"><\/div>\n<div class=\"midia-legenda\">Deputados reunidos em Plen\u00e1rio<\/div>\n<\/div>\n<p>O Congresso Nacional deu in\u00edcio \u00e0 sess\u00e3o conjunta que vai analisar <a href=\"https:\/\/www.congressonacional.leg.br\/sessoes\/agenda-do-congresso-nacional\/-\/pauta\/25946\">vetos presidenciais<\/a>, aplicados pelo governo atual e anteriores, a projetos de lei aprovados pela C\u00e2mara dos Deputados e o Senado. No momento, 395 deputados e 55 senadores marcaram suas presen\u00e7as.<\/p>\n<p><a href=\"https:\/\/www.youtube.com\/watch?v=pporXS8hzfs\">Assista ao vivo<\/a><\/p>\n<p>Entre os vetos a serem analisados est\u00e1 o que trata do <a href=\"https:\/\/www.camara.leg.br\/noticias\/1009716-NOVA-LEI-SOBRE-TERRAS-INDIGENAS-E-SANCIONADA-COM-VETO-AO-MARCO-TEMPORAL\">marco temporal das terras<\/a> ind\u00edgenas (VET 30\/23).\u00a0O governo argumentou que vetos foram necess\u00e1rios em raz\u00e3o da <a href=\"https:\/\/www.camara.leg.br\/noticias\/1000636-DECISAO-DO-STF-QUE-DERRUBOU-MARCO-TEMPORAL-DAS-TERRAS-INDIGENAS-GERA-REPERCUSSAO-NA-CAMARA\">decis\u00e3o do Supremo Tribunal Federal (STF) que considerou inconstitucional a tese do marco temporal das terras ind\u00edgenas<\/a>.<\/p>\n<p>A tese do marco temporal estabelecia que a demarca\u00e7\u00e3o dos territ\u00f3rios ind\u00edgenas deveria respeitar apenas a \u00e1rea ocupada pelos povos origin\u00e1rios at\u00e9 a data da promulga\u00e7\u00e3o da Constitui\u00e7\u00e3o, em 5 de outubro de 1988.<\/p>\n<p>Para derrubar um veto presidencial s\u00e3o necess\u00e1rios, no m\u00ednimo, 257 votos de deputados e 41 votos de senadores.<\/p>\n<p><a href=\"https:\/\/www.camara.leg.br\/noticias\/1013750-saiba-como-e-a-analise-dos-vetos-pelo-congresso-nacional\/\">Saiba como \u00e9 a an\u00e1lise dos vetos pelo Congresso Nacional<\/a><\/p>\n<p>Tamb\u00e9m est\u00e3o na pauta desta sess\u00e3o 20 projetos que liberam recursos do Or\u00e7amento federal para diversos \u00f3rg\u00e3os p\u00fablicos.<\/p>\n<p><a href=\"https:\/\/www.congressonacional.leg.br\/sessoes\/agenda-do-congresso-nacional\/-\/pauta\/25946#pauta\">Confira a pauta completa<\/a><\/p>\n<p><strong>Mais informa\u00e7\u00f5es a seguir<\/strong><\/p>","protected":false},"excerpt":{"rendered":"<p>Zeca Ribeiro \/ C\u00e2mara dos Deputados Deputados reunidos em Plen\u00e1rio O Congresso Nacional deu in\u00edcio \u00e0 sess\u00e3o conjunta que vai analisar vetos presidenciais, aplicados pelo governo atual e anteriores, a projetos de lei aprovados pela C\u00e2mara dos Deputados e o Senado. No momento, 395 deputados e 55 senadores marcaram suas presen\u00e7as. Assista ao vivo Entre [&hellip;]<\/p>\n","protected":false},"author":0,"featured_media":0,"comment_status":"open","ping_status":"open","sticky":false,"template":"","format":"standard","meta":{"footnotes":""},"categories":[1],"tags":[],"_links":{"self":[{"href":"https:\/\/jeffersonisac.adv.br\/index.php\/wp-json\/wp\/v2\/posts\/4034"}],"collection":[{"href":"https:\/\/jeffersonisac.adv.br\/index.php\/wp-json\/wp\/v2\/posts"}],"about":[{"href":"https:\/\/jeffersonisac.adv.br\/index.php\/wp-json\/wp\/v2\/types\/post"}],"replies":[{"embeddable":true,"href":"https:\/\/jeffersonisac.adv.br\/index.php\/wp-json\/wp\/v2\/comments?post=4034"}],"version-history":[{"count":0,"href":"https:\/\/jeffersonisac.adv.br\/index.php\/wp-json\/wp\/v2\/posts\/4034\/revisions"}],"wp:attachment":[{"href":"https:\/\/jeffersonisac.adv.br\/index.php\/wp-json\/wp\/v2\/media?parent=4034"}],"wp:term":[{"taxonomy":"category","embeddable":true,"href":"https:\/\/jeffersonisac.adv.br\/index.php\/wp-json\/wp\/v2\/categories?post=4034"},{"taxonomy":"post_tag","embeddable":true,"href":"https:\/\/jeffersonisac.adv.br\/index.php\/wp-json\/wp\/v2\/tags?post=4034"}],"curies":[{"name":"wp","href":"https:\/\/api.w.org\/{rel}","templated":true}]}}