{"id":4038,"date":"2023-12-14T12:26:34","date_gmt":"2023-12-14T15:26:34","guid":{"rendered":"https:\/\/jeffersonisac.adv.br\/index.php\/2023\/12\/14\/relator-da-area-de-assistencia-social-e-familia-do-orcamento-de-2024-pede-reforco-de-dotacoes-ao-relator-geral\/"},"modified":"2023-12-14T12:26:34","modified_gmt":"2023-12-14T15:26:34","slug":"relator-da-area-de-assistencia-social-e-familia-do-orcamento-de-2024-pede-reforco-de-dotacoes-ao-relator-geral","status":"publish","type":"post","link":"https:\/\/jeffersonisac.adv.br\/index.php\/2023\/12\/14\/relator-da-area-de-assistencia-social-e-familia-do-orcamento-de-2024-pede-reforco-de-dotacoes-ao-relator-geral\/","title":{"rendered":"Relator da \u00e1rea de Assist\u00eancia Social e Fam\u00edlia do Or\u00e7amento de 2024 pede refor\u00e7o de dota\u00e7\u00f5es ao relator-geral"},"content":{"rendered":"<div class=\"image-container\">\n<div class=\"midia-creditos\"><em>M\u00e1rio Agra\/C\u00e2mara dos Deputados<\/em><\/div>\n<div class=\"media-wrapper\"><\/div>\n<div class=\"midia-legenda\">Deputado Eun\u00edcio Oliveira, relator da \u00e1rea de Assist\u00eancia Social e Fam\u00edlia<\/div>\n<\/div>\n<p>O relator da \u00e1rea de Assist\u00eancia Social e Fam\u00edlia do Or\u00e7amento de 2024 (PLN 29\/23), deputado Eun\u00edcio Oliveira (MDB-CE), pediu ao relator-geral, deputado Luiz Carlos Motta (PL-SP), que destine mais recursos para tr\u00eas a\u00e7\u00f5es do setor. Ele tamb\u00e9m solicitou a recomposi\u00e7\u00e3o de cortes feitos para atender remanejamentos no Or\u00e7amento.<\/p>\n<p>As a\u00e7\u00f5es s\u00e3o \u201cEstrutura\u00e7\u00e3o da Rede de Servi\u00e7os do Sistema \u00danico de Assist\u00eancia Social\u201d, \u201cAquisi\u00e7\u00e3o e Distribui\u00e7\u00e3o de Alimentos da Agricultura Familiar para Promo\u00e7\u00e3o da Seguran\u00e7a Alimentar e Nutricional\u201d, e \u201cApoio \u00e0 Formula\u00e7\u00e3o e Gest\u00e3o da Pol\u00edtica Nacional de Cuidados\u201d.<\/p>\n<p><strong>Despesas<\/strong><br \/>\nO Minist\u00e9rio do Desenvolvimento e Assist\u00eancia Social, Fam\u00edlia e Combate \u00e0 Fome tem um or\u00e7amento de R$ 281,7 bilh\u00f5es, sendo que a maior parte est\u00e1 destinada ao pagamento do Bolsa Fam\u00edlia.<\/p>\n<p>Eun\u00edcio destacou que o total para o programa indica uma queda de 2% em rela\u00e7\u00e3o ao autorizado para 2023. Tamb\u00e9m o programa de Seguran\u00e7a Alimentar e Nutricional e Combate \u00e0 Fome, registra uma queda de 8%.<\/p>\n<p>Outra grande despesa \u00e9 o pagamento do Benef\u00edcio de Presta\u00e7\u00e3o Continuada (<span class=\"termoGlossario\">BPC<\/span>) e da Renda Mensal Vital\u00edcia, com a previs\u00e3o de R$ 100,6 bilh\u00f5es. Segundo o relator, a execu\u00e7\u00e3o poder\u00e1 ficar abaixo do previsto porque o sal\u00e1rio m\u00ednimo dever\u00e1 ser menor que os R$ 1.421 usados na elabora\u00e7\u00e3o do Or\u00e7amento.<\/p>\n<p>Foram apresentadas 530 emendas \u00e0 \u00e1rea, sendo 503 individuais. O relator atendeu todas, ainda que parcialmente, com R$ 1,1 bilh\u00e3o.<\/p>\n<p>A <span class=\"termoGlossario\">Comiss\u00e3o Mista de Or\u00e7amento<\/span> j\u00e1 aprovou 14 relat\u00f3rios setoriais. Os dois \u00faltimos devem ser votados nesta quinta (14).<\/p>\n<p><a href=\"https:\/\/www.camara.leg.br\/noticias\/866636-conheca-o-ciclo-orcamentario-federal\">Conhe\u00e7a o ciclo or\u00e7ament\u00e1rio federal<\/a><\/p>","protected":false},"excerpt":{"rendered":"<p>M\u00e1rio Agra\/C\u00e2mara dos Deputados Deputado Eun\u00edcio Oliveira, relator da \u00e1rea de Assist\u00eancia Social e Fam\u00edlia O relator da \u00e1rea de Assist\u00eancia Social e Fam\u00edlia do Or\u00e7amento de 2024 (PLN 29\/23), deputado Eun\u00edcio Oliveira (MDB-CE), pediu ao relator-geral, deputado Luiz Carlos Motta (PL-SP), que destine mais recursos para tr\u00eas a\u00e7\u00f5es do setor. Ele tamb\u00e9m solicitou a [&hellip;]<\/p>\n","protected":false},"author":0,"featured_media":0,"comment_status":"open","ping_status":"open","sticky":false,"template":"","format":"standard","meta":{"footnotes":""},"categories":[1],"tags":[],"_links":{"self":[{"href":"https:\/\/jeffersonisac.adv.br\/index.php\/wp-json\/wp\/v2\/posts\/4038"}],"collection":[{"href":"https:\/\/jeffersonisac.adv.br\/index.php\/wp-json\/wp\/v2\/posts"}],"about":[{"href":"https:\/\/jeffersonisac.adv.br\/index.php\/wp-json\/wp\/v2\/types\/post"}],"replies":[{"embeddable":true,"href":"https:\/\/jeffersonisac.adv.br\/index.php\/wp-json\/wp\/v2\/comments?post=4038"}],"version-history":[{"count":0,"href":"https:\/\/jeffersonisac.adv.br\/index.php\/wp-json\/wp\/v2\/posts\/4038\/revisions"}],"wp:attachment":[{"href":"https:\/\/jeffersonisac.adv.br\/index.php\/wp-json\/wp\/v2\/media?parent=4038"}],"wp:term":[{"taxonomy":"category","embeddable":true,"href":"https:\/\/jeffersonisac.adv.br\/index.php\/wp-json\/wp\/v2\/categories?post=4038"},{"taxonomy":"post_tag","embeddable":true,"href":"https:\/\/jeffersonisac.adv.br\/index.php\/wp-json\/wp\/v2\/tags?post=4038"}],"curies":[{"name":"wp","href":"https:\/\/api.w.org\/{rel}","templated":true}]}}