{"id":4043,"date":"2023-12-14T15:36:53","date_gmt":"2023-12-14T18:36:53","guid":{"rendered":"https:\/\/jeffersonisac.adv.br\/index.php\/2023\/12\/14\/parlamentares-pedem-derrubada-de-veto-a-desoneracao-da-folha-de-pagamento-de-17-setores-acompanhe\/"},"modified":"2023-12-14T15:36:53","modified_gmt":"2023-12-14T18:36:53","slug":"parlamentares-pedem-derrubada-de-veto-a-desoneracao-da-folha-de-pagamento-de-17-setores-acompanhe","status":"publish","type":"post","link":"https:\/\/jeffersonisac.adv.br\/index.php\/2023\/12\/14\/parlamentares-pedem-derrubada-de-veto-a-desoneracao-da-folha-de-pagamento-de-17-setores-acompanhe\/","title":{"rendered":"Parlamentares pedem derrubada de veto \u00e0 desonera\u00e7\u00e3o da folha de pagamento de 17 setores; acompanhe"},"content":{"rendered":"<div class=\"image-container\">\n<div class=\"midia-creditos\"><em>Zeca Ribeiro \/ C\u00e2mara dos Deputados<\/em><\/div>\n<div class=\"media-wrapper\"><\/div>\n<div class=\"midia-legenda\">Sess\u00e3o do Congresso Nacional<\/div>\n<\/div>\n<p>Parlamentares pedem derrubada de veto \u00e0 proposta que prorroga desonera\u00e7\u00e3o da folha de pagamento de 17 setores. Eles afirmam que n\u00e3o houve sinaliza\u00e7\u00e3o de acordo concreto pelo governo, que vetou a proposta em novembro.<\/p>\n<p>O senador Efraim Filho (Uni\u00e3o-PB) criticou a tributa\u00e7\u00e3o da folha de pagamentos e disse que os empres\u00e1rios foram surpreendidos com o veto. &#8220;S\u00e3o setores que j\u00e1 come\u00e7aram a puxar o freio, a suspender novos neg\u00f3cios, a cria\u00e7\u00e3o de novas filiais ou a amplia\u00e7\u00e3o das estruturas&#8221;, disse.<\/p>\n<p>Ele afirmou que a \u00fanica op\u00e7\u00e3o do Congresso \u00e9 derrubar o veto. &#8220;Vai trazer seguran\u00e7a jur\u00eddica para quem empreende, paz de esp\u00edrito para quem trabalha, e esperan\u00e7a para quem est\u00e1 na fila do desemprego&#8221;, disse.<\/p>\n<p>O deputado Domingos S\u00e1vio (PL-MG) destacou que o fim da desonera\u00e7\u00e3o tem impacto nas empresas a partir de janeiro. &#8220;Estamos tratando da manuten\u00e7\u00e3o de empregos em setores como a constru\u00e7\u00e3o civil, vestu\u00e1rio e cal\u00e7ados&#8221;, disse.<\/p>\n<p>Para o deputado Lucas Redecker (PSDB-RS), o governo n\u00e3o quis negociar a quest\u00e3o da desonera\u00e7\u00e3o. &#8220;\u00c9 uma conversa que n\u00e3o existiu ao debater o tema na C\u00e2mara e no Senado. S\u00e3o setores que n\u00e3o puderam se programar para o ano que vem&#8221;, disse.<\/p>\n<p><strong>Responsabilidade fiscal<\/strong><br \/>\nO l\u00edder do governo, Randolfe Rodrigues, afirmou que o Executivo est\u00e1 ciente da maioria formada pela derrubada do veto tanto na C\u00e2mara quanto no Senado. Ele reafirmou que h\u00e1 abertura para o di\u00e1logo e afirmou que os parlamentares cobram responsabilidade fiscal, mas &#8220;fecharam os olhos&#8221; para o custo de R$ 20 bilh\u00f5es da desonera\u00e7\u00e3o.<\/p>\n<p>&#8220;Essa medida n\u00e3o resolve o desemprego, traz impacto fiscal para a Uni\u00e3o e n\u00e3o beneficia todos os setores da economia&#8221;, disse. Segundo ele, h\u00e1 estudos apontando que a desonera\u00e7\u00e3o da folha n\u00e3o gerou empregos novos.<\/p>\n<p>O deputado Bohn Gass (PT-RS) afirmou que a proposta n\u00e3o vai gerar empregos. &#8220;O que estamos fazendo \u00e9 tirar dinheiro da sa\u00fade, da educa\u00e7\u00e3o, para dar para empresas&#8221;<\/p>\n<p><a href=\"https:\/\/www.youtube.com\/watch?v=pporXS8hzfs\">Assista ao vivo<\/a><\/p>\n<p><strong>Mais informa\u00e7\u00f5es a seguir<\/strong><\/p>","protected":false},"excerpt":{"rendered":"<p>Zeca Ribeiro \/ C\u00e2mara dos Deputados Sess\u00e3o do Congresso Nacional Parlamentares pedem derrubada de veto \u00e0 proposta que prorroga desonera\u00e7\u00e3o da folha de pagamento de 17 setores. Eles afirmam que n\u00e3o houve sinaliza\u00e7\u00e3o de acordo concreto pelo governo, que vetou a proposta em novembro. O senador Efraim Filho (Uni\u00e3o-PB) criticou a tributa\u00e7\u00e3o da folha de [&hellip;]<\/p>\n","protected":false},"author":0,"featured_media":0,"comment_status":"open","ping_status":"open","sticky":false,"template":"","format":"standard","meta":{"footnotes":""},"categories":[1],"tags":[],"_links":{"self":[{"href":"https:\/\/jeffersonisac.adv.br\/index.php\/wp-json\/wp\/v2\/posts\/4043"}],"collection":[{"href":"https:\/\/jeffersonisac.adv.br\/index.php\/wp-json\/wp\/v2\/posts"}],"about":[{"href":"https:\/\/jeffersonisac.adv.br\/index.php\/wp-json\/wp\/v2\/types\/post"}],"replies":[{"embeddable":true,"href":"https:\/\/jeffersonisac.adv.br\/index.php\/wp-json\/wp\/v2\/comments?post=4043"}],"version-history":[{"count":0,"href":"https:\/\/jeffersonisac.adv.br\/index.php\/wp-json\/wp\/v2\/posts\/4043\/revisions"}],"wp:attachment":[{"href":"https:\/\/jeffersonisac.adv.br\/index.php\/wp-json\/wp\/v2\/media?parent=4043"}],"wp:term":[{"taxonomy":"category","embeddable":true,"href":"https:\/\/jeffersonisac.adv.br\/index.php\/wp-json\/wp\/v2\/categories?post=4043"},{"taxonomy":"post_tag","embeddable":true,"href":"https:\/\/jeffersonisac.adv.br\/index.php\/wp-json\/wp\/v2\/tags?post=4043"}],"curies":[{"name":"wp","href":"https:\/\/api.w.org\/{rel}","templated":true}]}}