{"id":4047,"date":"2023-12-14T19:01:38","date_gmt":"2023-12-14T22:01:38","guid":{"rendered":"https:\/\/jeffersonisac.adv.br\/index.php\/2023\/12\/14\/comissao-aprova-atendimento-prioritario-em-servicos-publicos-a-orfaos-de-feminicidio\/"},"modified":"2023-12-14T19:01:38","modified_gmt":"2023-12-14T22:01:38","slug":"comissao-aprova-atendimento-prioritario-em-servicos-publicos-a-orfaos-de-feminicidio","status":"publish","type":"post","link":"https:\/\/jeffersonisac.adv.br\/index.php\/2023\/12\/14\/comissao-aprova-atendimento-prioritario-em-servicos-publicos-a-orfaos-de-feminicidio\/","title":{"rendered":"Comiss\u00e3o aprova atendimento priorit\u00e1rio em servi\u00e7os p\u00fablicos a \u00f3rf\u00e3os de feminic\u00eddio"},"content":{"rendered":"<div class=\"image-container\">\n<div class=\"midia-creditos\"><em>Zeca Ribeiro \/ C\u00e2mara dos Deputados<\/em><\/div>\n<div class=\"media-wrapper\"><\/div>\n<div class=\"midia-legenda\">Laura Carneiro, relatora<\/div>\n<\/div>\n<p><span>A Comiss\u00e3o de Constitui\u00e7\u00e3o e Justi\u00e7a e de Cidadania (CCJ) da C\u00e2mara dos Deputados aprovou projeto de lei que determina atendimento priorit\u00e1rio nos servi\u00e7os p\u00fablicos a crian\u00e7as e adolescentes filhos de v\u00edtimas de feminic\u00eddio. O projeto \u00e9 da deputada Erika Kokay (PT-DF) e outros<\/span><a href=\"https:\/\/www.camara.leg.br\/proposicoesWeb\/prop_autores?idProposicao=2252952\"> <span>11 deputados<\/span><\/a><span>.<\/span><\/p>\n<p><span>A relatora, deputada Laura Carneiro (PSD-RJ), apresentou parecer pela constitucionalidade de <span class=\"termoGlossario\">substitutivo<\/span> ao <a class=\"linkProposicao\" href=\"https:\/\/www.camara.leg.br\/noticias\/709519-proposta-cria-medidas-especiais-para-filhos-de-pessoas-assassinadas-pelo-parceiro\">Projeto de Lei 2753\/20<\/a>, apresentado por ela mesma na Comiss\u00e3o de Previd\u00eancia, Assist\u00eancia Social, Inf\u00e2ncia, Adolesc\u00eancia e Fam\u00edlia.\u00a0<\/span><\/p>\n<p><span>O texto prev\u00ea uma s\u00e9rie de medidas para beneficiar os \u00f3rf\u00e3os de feminic\u00eddio, como prefer\u00eancia nos servi\u00e7os de sa\u00fade, em especial de atendimento psicol\u00f3gico; nos programas de assist\u00eancia social; no acesso ao Judici\u00e1rio e ao Instituto Nacional do Seguro Social (INSS).<\/span><\/p>\n<p><span>Determina ainda o acesso priorit\u00e1rio dos \u00f3rf\u00e3os \u00e0s escolas mais pr\u00f3ximas ao domic\u00edlio do respons\u00e1vel legal, independentemente da exist\u00eancia de vagas.<\/span><\/p>\n<p><span>O substitutivo prev\u00ea os procedimentos a serem adotados quando a v\u00edtima de feminic\u00eddio tiver filhos. Entre eles est\u00e3o:<\/span><\/p>\n<p><span>a imediata comunica\u00e7\u00e3o, pela autoridade policial, ao conselho tutelar competente, ao Minist\u00e9rio P\u00fablico e \u00e0 Justi\u00e7a da Inf\u00e2ncia e Juventude;<\/span><br \/>\n<span>a identifica\u00e7\u00e3o dos parentes e sua imediata comunica\u00e7\u00e3o, com vistas a garantir o cuidado e prote\u00e7\u00e3o da crian\u00e7a ou do adolescente no seio familiar; e<\/span><br \/>\n<span>o atendimento especializado (escuta protegida), visando minimizar a revitimiza\u00e7\u00e3o dos filhos.<\/span><\/p>\n<p><span>Outras medidas s\u00e3o o apoio aos familiares que assumirem a guarda das crian\u00e7as, com oferta de atendimento psicossocial; e a inclus\u00e3o da fam\u00edlia em programas de transfer\u00eancia de renda.<\/span><\/p>\n<p><span>A proposta altera o<\/span><a href=\"https:\/\/www2.camara.leg.br\/legin\/fed\/lei\/1990\/lei-8069-13-julho-1990-372211-norma-pl.html\"> <span>Estatuto da Crian\u00e7a e do Adolescente (ECA)<\/span><\/a><span> para conceder prioridade aos processos de ado\u00e7\u00e3o de filhos de v\u00edtimas de feminic\u00eddio ou les\u00e3o corporal seguida de morte praticada pelo parceiro.<\/span><\/p>\n<p><span>O texto assegura ainda prioridade de habilita\u00e7\u00e3o das pessoas interessadas em adotar filhos de v\u00edtimas de feminic\u00eddio.<\/span><\/p>\n<p><span>O projeto foi analisado em <span class=\"termoGlossario\">car\u00e1ter conclusivo<\/span> e pode seguir para o Senado, a menos que haja recurso para vota\u00e7\u00e3o pelo Plen\u00e1rio.<\/span><\/p>\n<p><a href=\"https:\/\/www.camara.leg.br\/noticias\/573454-SAIBA-MAIS-SOBRE-A-TRAMITACAO-DE-PROJETOS-DE-LEI\">Saiba mais sobre a tramita\u00e7\u00e3o de projetos de lei<\/a><\/p>","protected":false},"excerpt":{"rendered":"<p>Zeca Ribeiro \/ C\u00e2mara dos Deputados Laura Carneiro, relatora A Comiss\u00e3o de Constitui\u00e7\u00e3o e Justi\u00e7a e de Cidadania (CCJ) da C\u00e2mara dos Deputados aprovou projeto de lei que determina atendimento priorit\u00e1rio nos servi\u00e7os p\u00fablicos a crian\u00e7as e adolescentes filhos de v\u00edtimas de feminic\u00eddio. O projeto \u00e9 da deputada Erika Kokay (PT-DF) e outros 11 deputados. [&hellip;]<\/p>\n","protected":false},"author":0,"featured_media":0,"comment_status":"open","ping_status":"open","sticky":false,"template":"","format":"standard","meta":{"footnotes":""},"categories":[1],"tags":[],"_links":{"self":[{"href":"https:\/\/jeffersonisac.adv.br\/index.php\/wp-json\/wp\/v2\/posts\/4047"}],"collection":[{"href":"https:\/\/jeffersonisac.adv.br\/index.php\/wp-json\/wp\/v2\/posts"}],"about":[{"href":"https:\/\/jeffersonisac.adv.br\/index.php\/wp-json\/wp\/v2\/types\/post"}],"replies":[{"embeddable":true,"href":"https:\/\/jeffersonisac.adv.br\/index.php\/wp-json\/wp\/v2\/comments?post=4047"}],"version-history":[{"count":0,"href":"https:\/\/jeffersonisac.adv.br\/index.php\/wp-json\/wp\/v2\/posts\/4047\/revisions"}],"wp:attachment":[{"href":"https:\/\/jeffersonisac.adv.br\/index.php\/wp-json\/wp\/v2\/media?parent=4047"}],"wp:term":[{"taxonomy":"category","embeddable":true,"href":"https:\/\/jeffersonisac.adv.br\/index.php\/wp-json\/wp\/v2\/categories?post=4047"},{"taxonomy":"post_tag","embeddable":true,"href":"https:\/\/jeffersonisac.adv.br\/index.php\/wp-json\/wp\/v2\/tags?post=4047"}],"curies":[{"name":"wp","href":"https:\/\/api.w.org\/{rel}","templated":true}]}}