{"id":4056,"date":"2023-12-15T02:51:31","date_gmt":"2023-12-15T05:51:31","guid":{"rendered":"https:\/\/jeffersonisac.adv.br\/index.php\/2023\/12\/15\/lira-anuncia-que-reforma-tributaria-sera-votada-nesta-sexta-feira\/"},"modified":"2023-12-15T02:51:31","modified_gmt":"2023-12-15T05:51:31","slug":"lira-anuncia-que-reforma-tributaria-sera-votada-nesta-sexta-feira","status":"publish","type":"post","link":"https:\/\/jeffersonisac.adv.br\/index.php\/2023\/12\/15\/lira-anuncia-que-reforma-tributaria-sera-votada-nesta-sexta-feira\/","title":{"rendered":"Lira anuncia que reforma tribut\u00e1ria ser\u00e1 votada nesta sexta-feira"},"content":{"rendered":"<div class=\"image-container\">\n<div class=\"midia-creditos\"><em>Zeca Ribeiro\/C\u00e2mara dos Deputados<\/em><\/div>\n<div class=\"media-wrapper\"><\/div>\n<div class=\"midia-legenda\">Arthur Lira na sess\u00e3o do Plen\u00e1rio desta quinta-feira<\/div>\n<\/div>\n<p>O presidente da C\u00e2mara dos Deputados, Arthur Lira, afirmou h\u00e1 pouco em Plen\u00e1rio que a reforma tribut\u00e1ria dever\u00e1 ser analisada nesta sexta-feira (15).<br \/>\n&#8220;Hoje terminamos os ajustes para votar a tribut\u00e1ria amanh\u00e3 de maneira virtual&#8221;, disse.<\/p>\n<p>Lira passou o dia reunido com lideran\u00e7as da C\u00e2mara e do Senado em busca de acordo para a vota\u00e7\u00e3o da reforma.<\/p>\n<p>Um dos pontos controversos da negocia\u00e7\u00e3o \u00e9 a manuten\u00e7\u00e3o de benef\u00edcios fiscais para a Zona Franca de Manaus. O texto aprovado pelo Senado determina a cobran\u00e7a da <span class=\"termoGlossario\">Cide<\/span> sobre bens similares aos produzidos na Zona Franca para manter as vantagens da regi\u00e3o.<\/p>\n<p><strong>Mais informa\u00e7\u00f5es em instantes<\/strong><\/p>\n<p><a href=\"https:\/\/www.youtube.com\/watch?v=5j4Anu3CbdE\">Assista ao vivo<\/a><\/p>","protected":false},"excerpt":{"rendered":"<p>Zeca Ribeiro\/C\u00e2mara dos Deputados Arthur Lira na sess\u00e3o do Plen\u00e1rio desta quinta-feira O presidente da C\u00e2mara dos Deputados, Arthur Lira, afirmou h\u00e1 pouco em Plen\u00e1rio que a reforma tribut\u00e1ria dever\u00e1 ser analisada nesta sexta-feira (15). &#8220;Hoje terminamos os ajustes para votar a tribut\u00e1ria amanh\u00e3 de maneira virtual&#8221;, disse. Lira passou o dia reunido com lideran\u00e7as [&hellip;]<\/p>\n","protected":false},"author":0,"featured_media":0,"comment_status":"open","ping_status":"open","sticky":false,"template":"","format":"standard","meta":{"footnotes":""},"categories":[1],"tags":[],"_links":{"self":[{"href":"https:\/\/jeffersonisac.adv.br\/index.php\/wp-json\/wp\/v2\/posts\/4056"}],"collection":[{"href":"https:\/\/jeffersonisac.adv.br\/index.php\/wp-json\/wp\/v2\/posts"}],"about":[{"href":"https:\/\/jeffersonisac.adv.br\/index.php\/wp-json\/wp\/v2\/types\/post"}],"replies":[{"embeddable":true,"href":"https:\/\/jeffersonisac.adv.br\/index.php\/wp-json\/wp\/v2\/comments?post=4056"}],"version-history":[{"count":0,"href":"https:\/\/jeffersonisac.adv.br\/index.php\/wp-json\/wp\/v2\/posts\/4056\/revisions"}],"wp:attachment":[{"href":"https:\/\/jeffersonisac.adv.br\/index.php\/wp-json\/wp\/v2\/media?parent=4056"}],"wp:term":[{"taxonomy":"category","embeddable":true,"href":"https:\/\/jeffersonisac.adv.br\/index.php\/wp-json\/wp\/v2\/categories?post=4056"},{"taxonomy":"post_tag","embeddable":true,"href":"https:\/\/jeffersonisac.adv.br\/index.php\/wp-json\/wp\/v2\/tags?post=4056"}],"curies":[{"name":"wp","href":"https:\/\/api.w.org\/{rel}","templated":true}]}}