{"id":4058,"date":"2023-12-15T07:24:11","date_gmt":"2023-12-15T10:24:11","guid":{"rendered":"https:\/\/jeffersonisac.adv.br\/index.php\/2023\/12\/15\/comissao-de-fiscalizacao-financeira-e-controle-ouve-marina-silva-na-terca\/"},"modified":"2023-12-15T07:24:11","modified_gmt":"2023-12-15T10:24:11","slug":"comissao-de-fiscalizacao-financeira-e-controle-ouve-marina-silva-na-terca","status":"publish","type":"post","link":"https:\/\/jeffersonisac.adv.br\/index.php\/2023\/12\/15\/comissao-de-fiscalizacao-financeira-e-controle-ouve-marina-silva-na-terca\/","title":{"rendered":"Comiss\u00e3o de Fiscaliza\u00e7\u00e3o Financeira e Controle ouve Marina Silva na ter\u00e7a"},"content":{"rendered":"<div class=\"image-container\">\n<div class=\"midia-creditos\"><em>Vinicius Loures \/ C\u00e2mara dos Deputados<\/em><\/div>\n<div class=\"media-wrapper\"><\/div>\n<div class=\"midia-legenda\">Marina Silva esteve em setembro na Comiss\u00e3o de Meio Ambiente da C\u00e2mara<\/div>\n<\/div>\n<p>A Comiss\u00e3o de Fiscaliza\u00e7\u00e3o Financeira e Controle da C\u00e2mara dos Deputados ouve a ministra do Meio Ambiente e Mudan\u00e7a do Clima, Marina Silva, na ter\u00e7a-feira (19).\u00a0A vinda da ministra foi pedida pelos deputados Evair Vieira de Melo (PP-ES), Eduardo Bolsonaro (PL-SP), Junio Amaral (PL-MG) e Kim Kataguiri (Uni\u00e3o-SP).<\/p>\n<p>Eles querem que a ministra fale sobre:<\/p>\n<p>gastos do Instituto de Pesquisa Ambiental da Amaz\u00f4nia (Ipam) com recursos do Fundo Amaz\u00f4nia em 2022;<br \/>\nprojetos de conserva\u00e7\u00e3o ambiental realizados por Organiza\u00e7\u00f5es N\u00e3o Governamentais e Organiza\u00e7\u00f5es da Sociedade Civil de Interesse P\u00fablico, financiadas com recursos do Fundo Amaz\u00f4nia;<br \/>\nas a\u00e7\u00f5es do minist\u00e9rio para enfrentar as queimadas na Amaz\u00f4nia;<br \/>\nas medidas que governo tem adotado para proteger a pesca artesanal; e<br \/>\nsobre sua alega\u00e7\u00e3o de que a culpa pelos 40 mil focos de inc\u00eandio no Pantanal Sul-Mato-Grossense, neste ano, \u00e9 do governo anterior.<\/p>\n<p>A audi\u00eancia ser\u00e1 realizada no plen\u00e1rio 9, a partir das 14 horas.<\/p>\n<p><a href=\"https:\/\/www.camara.leg.br\/evento-legislativo\/71708\">Confira a pauta<\/a><\/p>","protected":false},"excerpt":{"rendered":"<p>Vinicius Loures \/ C\u00e2mara dos Deputados Marina Silva esteve em setembro na Comiss\u00e3o de Meio Ambiente da C\u00e2mara A Comiss\u00e3o de Fiscaliza\u00e7\u00e3o Financeira e Controle da C\u00e2mara dos Deputados ouve a ministra do Meio Ambiente e Mudan\u00e7a do Clima, Marina Silva, na ter\u00e7a-feira (19).\u00a0A vinda da ministra foi pedida pelos deputados Evair Vieira de Melo [&hellip;]<\/p>\n","protected":false},"author":0,"featured_media":0,"comment_status":"open","ping_status":"open","sticky":false,"template":"","format":"standard","meta":{"footnotes":""},"categories":[1],"tags":[],"_links":{"self":[{"href":"https:\/\/jeffersonisac.adv.br\/index.php\/wp-json\/wp\/v2\/posts\/4058"}],"collection":[{"href":"https:\/\/jeffersonisac.adv.br\/index.php\/wp-json\/wp\/v2\/posts"}],"about":[{"href":"https:\/\/jeffersonisac.adv.br\/index.php\/wp-json\/wp\/v2\/types\/post"}],"replies":[{"embeddable":true,"href":"https:\/\/jeffersonisac.adv.br\/index.php\/wp-json\/wp\/v2\/comments?post=4058"}],"version-history":[{"count":0,"href":"https:\/\/jeffersonisac.adv.br\/index.php\/wp-json\/wp\/v2\/posts\/4058\/revisions"}],"wp:attachment":[{"href":"https:\/\/jeffersonisac.adv.br\/index.php\/wp-json\/wp\/v2\/media?parent=4058"}],"wp:term":[{"taxonomy":"category","embeddable":true,"href":"https:\/\/jeffersonisac.adv.br\/index.php\/wp-json\/wp\/v2\/categories?post=4058"},{"taxonomy":"post_tag","embeddable":true,"href":"https:\/\/jeffersonisac.adv.br\/index.php\/wp-json\/wp\/v2\/tags?post=4058"}],"curies":[{"name":"wp","href":"https:\/\/api.w.org\/{rel}","templated":true}]}}