{"id":4060,"date":"2023-12-15T08:43:18","date_gmt":"2023-12-15T11:43:18","guid":{"rendered":"https:\/\/jeffersonisac.adv.br\/index.php\/2023\/12\/15\/comissao-discute-a-cadeia-de-producao-de-gas-natural-veicular-no-brasil\/"},"modified":"2023-12-15T08:43:18","modified_gmt":"2023-12-15T11:43:18","slug":"comissao-discute-a-cadeia-de-producao-de-gas-natural-veicular-no-brasil","status":"publish","type":"post","link":"https:\/\/jeffersonisac.adv.br\/index.php\/2023\/12\/15\/comissao-discute-a-cadeia-de-producao-de-gas-natural-veicular-no-brasil\/","title":{"rendered":"Comiss\u00e3o discute a cadeia de produ\u00e7\u00e3o de g\u00e1s natural veicular no Brasil"},"content":{"rendered":"<div class=\"image-container\">\n<div class=\"midia-creditos\"><em>Valterci Santos\/Compagas<\/em><\/div>\n<div class=\"media-wrapper\"><\/div>\n<div class=\"midia-legenda\">\u00a0O g\u00e1s natural emite menos CO2 do que outros combust\u00edveis f\u00f3sseis<\/div>\n<\/div>\n<p>A Comiss\u00e3o de Desenvolvimento Econ\u00f4mico da C\u00e2mara dos Deputados discute na ter\u00e7a-feira (19) a cadeira produtiva do g\u00e1s natural veicular. A audi\u00eancia ser\u00e1 realizada a partir das 17 horas no plen\u00e1rio 5, a pedido do deputado F\u00e9lix Mendon\u00e7a J\u00fanior (PDT-BA).<\/p>\n<p><a href=\"https:\/\/www.camara.leg.br\/evento-legislativo\/71720\">Veja quem foi convidado para falar sobre o assunto<\/a><\/p>\n<p>Mendon\u00e7a J\u00fanior afirma que, nos \u00faltimos anos, as preocupa\u00e7\u00f5es com os impactos dos combust\u00edveis f\u00f3sseis no meio ambiente t\u00eam estimulado discuss\u00f5es sobre a diversifica\u00e7\u00e3o da matriz energ\u00e9tica.<\/p>\n<p>&#8220;Nesse cen\u00e1rio global de crescente conscientiza\u00e7\u00e3o sobre as quest\u00f5es ambientais e a necessidade de transi\u00e7\u00e3o para fontes de energia mais limpas, o g\u00e1s natural veicular emerge como uma pe\u00e7a-chave na matriz energ\u00e9tica brasileira&#8221;, afirma o deputado.<\/p>\n<p>Ele lembra que o g\u00e1s natural \u00e9 uma fonte de energia prim\u00e1ria amplamente dispon\u00edvel, com custos competitivos e emiss\u00f5es de CO2 mais baixas em compara\u00e7\u00e3o com outros combust\u00edveis f\u00f3sseis.<\/p>\n<p>&#8220;No entanto, para colher os benef\u00edcios econ\u00f4micos do g\u00e1s natural veicular, \u00e9 essencial superar os desafios log\u00edsticos e regulat\u00f3rios associados, investindo na infraestrutura de escoamento, processamento e transporte&#8221;, alerta Mendon\u00e7a J\u00fanior.<\/p>","protected":false},"excerpt":{"rendered":"<p>Valterci Santos\/Compagas \u00a0O g\u00e1s natural emite menos CO2 do que outros combust\u00edveis f\u00f3sseis A Comiss\u00e3o de Desenvolvimento Econ\u00f4mico da C\u00e2mara dos Deputados discute na ter\u00e7a-feira (19) a cadeira produtiva do g\u00e1s natural veicular. A audi\u00eancia ser\u00e1 realizada a partir das 17 horas no plen\u00e1rio 5, a pedido do deputado F\u00e9lix Mendon\u00e7a J\u00fanior (PDT-BA). Veja quem [&hellip;]<\/p>\n","protected":false},"author":0,"featured_media":0,"comment_status":"open","ping_status":"open","sticky":false,"template":"","format":"standard","meta":{"footnotes":""},"categories":[1],"tags":[],"_links":{"self":[{"href":"https:\/\/jeffersonisac.adv.br\/index.php\/wp-json\/wp\/v2\/posts\/4060"}],"collection":[{"href":"https:\/\/jeffersonisac.adv.br\/index.php\/wp-json\/wp\/v2\/posts"}],"about":[{"href":"https:\/\/jeffersonisac.adv.br\/index.php\/wp-json\/wp\/v2\/types\/post"}],"replies":[{"embeddable":true,"href":"https:\/\/jeffersonisac.adv.br\/index.php\/wp-json\/wp\/v2\/comments?post=4060"}],"version-history":[{"count":0,"href":"https:\/\/jeffersonisac.adv.br\/index.php\/wp-json\/wp\/v2\/posts\/4060\/revisions"}],"wp:attachment":[{"href":"https:\/\/jeffersonisac.adv.br\/index.php\/wp-json\/wp\/v2\/media?parent=4060"}],"wp:term":[{"taxonomy":"category","embeddable":true,"href":"https:\/\/jeffersonisac.adv.br\/index.php\/wp-json\/wp\/v2\/categories?post=4060"},{"taxonomy":"post_tag","embeddable":true,"href":"https:\/\/jeffersonisac.adv.br\/index.php\/wp-json\/wp\/v2\/tags?post=4060"}],"curies":[{"name":"wp","href":"https:\/\/api.w.org\/{rel}","templated":true}]}}