{"id":4078,"date":"2023-12-15T18:28:07","date_gmt":"2023-12-15T21:28:07","guid":{"rendered":"https:\/\/jeffersonisac.adv.br\/index.php\/2023\/12\/15\/veterano-da-reforma-tributaria-hauly-diz-que-pec-cria-sistema-eficiente-e-liberal-acompanhe\/"},"modified":"2023-12-15T18:28:07","modified_gmt":"2023-12-15T21:28:07","slug":"veterano-da-reforma-tributaria-hauly-diz-que-pec-cria-sistema-eficiente-e-liberal-acompanhe","status":"publish","type":"post","link":"https:\/\/jeffersonisac.adv.br\/index.php\/2023\/12\/15\/veterano-da-reforma-tributaria-hauly-diz-que-pec-cria-sistema-eficiente-e-liberal-acompanhe\/","title":{"rendered":"Veterano da reforma tribut\u00e1ria, Hauly diz que PEC cria sistema eficiente e liberal; acompanhe"},"content":{"rendered":"<div class=\"image-container\">\n<div class=\"midia-creditos\"><em>Zeca Ribeiro\/C\u00e2maradosDeputados<\/em><\/div>\n<div class=\"media-wrapper\"><\/div>\n<div class=\"midia-legenda\">Luiz Carlos Hauly presidiu a sess\u00e3o do Plen\u00e1rio no in\u00edcio da discuss\u00e3o do texto<\/div>\n<\/div>\n<p>O deputado Luiz Carlos Hauly (Podemos-PR), que \u00e9 especialista em reforma tribut\u00e1ria, afirmou que o texto em an\u00e1lise pela C\u00e2mara dos Deputados vai criar um sistema eficiente e liberal. Ele foi relator de uma proposta discutida em outra <span class=\"termoGlossario\">legislatura<\/span> e ocupou a presid\u00eancia da sess\u00e3o do Plen\u00e1rio durante o in\u00edcio da discuss\u00e3o do tema nesta sexta-feira (15).<\/p>\n<p>Hauly ressaltou que estuda o sistema tribut\u00e1rio h\u00e1 mais de 36 anos e sempre defendeu o modelo de imposto unificado por valor agregado, como prop\u00f5e o sistema na unifica\u00e7\u00e3o dos tributos atuais na Contribui\u00e7\u00e3o sobre Bens e Servi\u00e7os e o Imposto Seletivo (CBS e IBS).<\/p>\n<p>Ele explicou que o modelo do imposto de valor agregado (IVA) adotado pela proposta \u00e9 utilizado por 174 pa\u00edses. &#8220;Ele soluciona os problemas das disputas sobre base do consumo. Quem est\u00e1 contra a reforma tribut\u00e1ria n\u00e3o tem ideia do sistema ou faz parte do imbr\u00f3glio tribut\u00e1rio&#8221;, avaliou.<\/p>\n<p>Hauly lembrou que o sistema atual gera disputas judiciais e administrativas de cerca de R$ 7 trilh\u00f5es. O novo sistema, segundo ele, \u00e9 mais claro e eficiente.<\/p>\n<p>&#8220;O modelo tribut\u00e1rio ora proposto cria um IVA com cobran\u00e7a autom\u00e1tica e gera\u00e7\u00e3o de cr\u00e9ditos financeiros compensados automaticamente como se fosse um sistema banc\u00e1rio. Al\u00e9m disso, a partilha ser\u00e1 autom\u00e1tica&#8221;, destacou.<\/p>\n<p><strong>Complexidade<br \/>\n<\/strong>J\u00e1 o deputado Vitor Lippi (PSDB-SP) afirmou que a maioria das cr\u00edticas \u00e0 reforma tribut\u00e1ria s\u00e3o baseadas na falta de informa\u00e7\u00e3o por se tratar de uma discuss\u00e3o complexa. Ele afirmou que o texto n\u00e3o \u00e9 perfeito, mas \u00e9 &#8220;infinitamente melhor&#8221; do que o sistema atual.<\/p>\n<p>&#8220;Esta \u00e9 a maior discuss\u00e3o desta Casa para ajudar o Brasil a crescer e gerar empregos desde a Constituinte. Por isso, \u00e9 preciso ter responsabilidade com o Pa\u00eds&#8221;, disse.<\/p>\n<p>Lippi afirmou que todos os setores foram contemplados com a reforma: agroneg\u00f3cio, servi\u00e7os, entre outros.<\/p>\n<p>O deputado Silvio Antonio (PL-MA), no entanto, afirmou que a oposi\u00e7\u00e3o n\u00e3o \u00e9 contra a reforma tribut\u00e1ria, mas tem diverg\u00eancia com pontos do texto. &#8220;Existe um excesso de setores em regime diferenciado&#8221;, criticou. Para ele, n\u00e3o haver\u00e1 diminui\u00e7\u00e3o de impostos.<\/p>\n<p><a href=\"https:\/\/www.youtube.com\/watch?v=c8MMqP-Bd1o\">Assista ao vivo<\/a><\/p>\n<p><strong>Mais informa\u00e7\u00f5es a seguir<\/strong><\/p>","protected":false},"excerpt":{"rendered":"<p>Zeca Ribeiro\/C\u00e2maradosDeputados Luiz Carlos Hauly presidiu a sess\u00e3o do Plen\u00e1rio no in\u00edcio da discuss\u00e3o do texto O deputado Luiz Carlos Hauly (Podemos-PR), que \u00e9 especialista em reforma tribut\u00e1ria, afirmou que o texto em an\u00e1lise pela C\u00e2mara dos Deputados vai criar um sistema eficiente e liberal. Ele foi relator de uma proposta discutida em outra legislatura [&hellip;]<\/p>\n","protected":false},"author":0,"featured_media":0,"comment_status":"open","ping_status":"open","sticky":false,"template":"","format":"standard","meta":{"footnotes":""},"categories":[1],"tags":[],"_links":{"self":[{"href":"https:\/\/jeffersonisac.adv.br\/index.php\/wp-json\/wp\/v2\/posts\/4078"}],"collection":[{"href":"https:\/\/jeffersonisac.adv.br\/index.php\/wp-json\/wp\/v2\/posts"}],"about":[{"href":"https:\/\/jeffersonisac.adv.br\/index.php\/wp-json\/wp\/v2\/types\/post"}],"replies":[{"embeddable":true,"href":"https:\/\/jeffersonisac.adv.br\/index.php\/wp-json\/wp\/v2\/comments?post=4078"}],"version-history":[{"count":0,"href":"https:\/\/jeffersonisac.adv.br\/index.php\/wp-json\/wp\/v2\/posts\/4078\/revisions"}],"wp:attachment":[{"href":"https:\/\/jeffersonisac.adv.br\/index.php\/wp-json\/wp\/v2\/media?parent=4078"}],"wp:term":[{"taxonomy":"category","embeddable":true,"href":"https:\/\/jeffersonisac.adv.br\/index.php\/wp-json\/wp\/v2\/categories?post=4078"},{"taxonomy":"post_tag","embeddable":true,"href":"https:\/\/jeffersonisac.adv.br\/index.php\/wp-json\/wp\/v2\/tags?post=4078"}],"curies":[{"name":"wp","href":"https:\/\/api.w.org\/{rel}","templated":true}]}}