{"id":4085,"date":"2023-12-16T00:25:01","date_gmt":"2023-12-16T03:25:01","guid":{"rendered":"https:\/\/jeffersonisac.adv.br\/index.php\/2023\/12\/16\/reforma-tributaria-podera-ser-promulgada-na-quarta-feira-diz-lira\/"},"modified":"2023-12-16T00:25:01","modified_gmt":"2023-12-16T03:25:01","slug":"reforma-tributaria-podera-ser-promulgada-na-quarta-feira-diz-lira","status":"publish","type":"post","link":"https:\/\/jeffersonisac.adv.br\/index.php\/2023\/12\/16\/reforma-tributaria-podera-ser-promulgada-na-quarta-feira-diz-lira\/","title":{"rendered":"Reforma tribut\u00e1ria poder\u00e1 ser promulgada na quarta-feira, diz Lira"},"content":{"rendered":"<div class=\"image-container\">\n<div class=\"midia-creditos\"><em>Zeca Ribeiro\/C\u00e2mara dos Deputados<\/em><\/div>\n<div class=\"media-wrapper\"><\/div>\n<div class=\"midia-legenda\">Arthur Lira, presidente da C\u00e2mara dos Deputados<\/div>\n<\/div>\n<p>O presidente da C\u00e2mara dos Deputados, Arthur Lira, afirmou que a reforma tribut\u00e1ria poder\u00e1 ser promulgada na pr\u00f3xima quarta-feira (20) em uma grande cerim\u00f4nia.<\/p>\n<p>O pr\u00f3ximo passo, segundo ele, \u00e9 analisar os projetos de regulamenta\u00e7\u00e3o do sistema tribut\u00e1rio. A reforma foi aprovada nesta sexta-feira (15) ap\u00f3s mais de oito horas de debates em Plen\u00e1rio.<\/p>\n<p>Lira afirmou que a proposta traz justi\u00e7a social e atrai investimentos. Ele destacou que o texto vai permitir estabelecer um sistema em que a popula\u00e7\u00e3o que ganha menos pagar\u00e1 menos impostos.<\/p>\n<p>&#8220;Procuramos fazer o melhor poss\u00edvel para entregar ao Brasil um texto que d\u00ea longevidade, que d\u00ea mais simplicidade, que desburocratize, que d\u00ea seguran\u00e7a jur\u00eddica e que atraia investimentos ao Brasil&#8221;, disse.<\/p>\n<p><strong>Ciclo encerrado<\/strong><br \/>\nLira afirmou que hoje \u00e9 dia de comemora\u00e7\u00e3o para todos os deputados e senadores. &#8220;Hoje encerramos um ciclo, n\u00e3o tenho a ousadia de dizer que se trata do texto perfeito, mas do texto poss\u00edvel dentro de um Parlamento com diversidade de pensamentos&#8221;, disse.<\/p>\n<p>Ele destacou que o novo sistema tribut\u00e1rio baseado na unifica\u00e7\u00e3o de impostos no modelo de valor agregado \u00e9 utilizado com sucesso por mais de 170 pa\u00edses.<\/p>\n<p>O brasileiro, segundo ele, poder\u00e1 esperar um sistema mais simples e com potencial de atrair investimentos. &#8220;O intuito da reforma \u00e9 ser neutra, ela vai desburocratizar e simplificar. Todos v\u00e3o saber o que pagam de impostos, e esperamos aproveitar a transi\u00e7\u00e3o para fazer do Brasil o pa\u00eds do presente e n\u00e3o do futuro&#8221;, encerrou.<\/p>\n<p><a href=\"https:\/\/www.camara.leg.br\/noticias\/573448-saiba-mais-sobre-a-tramitacao-de-pecs\/\">Saiba mais sobre a tramita\u00e7\u00e3o de propostas de emenda \u00e0 Constitui\u00e7\u00e3o<\/a><\/p>","protected":false},"excerpt":{"rendered":"<p>Zeca Ribeiro\/C\u00e2mara dos Deputados Arthur Lira, presidente da C\u00e2mara dos Deputados O presidente da C\u00e2mara dos Deputados, Arthur Lira, afirmou que a reforma tribut\u00e1ria poder\u00e1 ser promulgada na pr\u00f3xima quarta-feira (20) em uma grande cerim\u00f4nia. O pr\u00f3ximo passo, segundo ele, \u00e9 analisar os projetos de regulamenta\u00e7\u00e3o do sistema tribut\u00e1rio. A reforma foi aprovada nesta sexta-feira [&hellip;]<\/p>\n","protected":false},"author":0,"featured_media":0,"comment_status":"open","ping_status":"open","sticky":false,"template":"","format":"standard","meta":{"footnotes":""},"categories":[1],"tags":[],"_links":{"self":[{"href":"https:\/\/jeffersonisac.adv.br\/index.php\/wp-json\/wp\/v2\/posts\/4085"}],"collection":[{"href":"https:\/\/jeffersonisac.adv.br\/index.php\/wp-json\/wp\/v2\/posts"}],"about":[{"href":"https:\/\/jeffersonisac.adv.br\/index.php\/wp-json\/wp\/v2\/types\/post"}],"replies":[{"embeddable":true,"href":"https:\/\/jeffersonisac.adv.br\/index.php\/wp-json\/wp\/v2\/comments?post=4085"}],"version-history":[{"count":0,"href":"https:\/\/jeffersonisac.adv.br\/index.php\/wp-json\/wp\/v2\/posts\/4085\/revisions"}],"wp:attachment":[{"href":"https:\/\/jeffersonisac.adv.br\/index.php\/wp-json\/wp\/v2\/media?parent=4085"}],"wp:term":[{"taxonomy":"category","embeddable":true,"href":"https:\/\/jeffersonisac.adv.br\/index.php\/wp-json\/wp\/v2\/categories?post=4085"},{"taxonomy":"post_tag","embeddable":true,"href":"https:\/\/jeffersonisac.adv.br\/index.php\/wp-json\/wp\/v2\/tags?post=4085"}],"curies":[{"name":"wp","href":"https:\/\/api.w.org\/{rel}","templated":true}]}}