{"id":4089,"date":"2023-12-18T09:42:29","date_gmt":"2023-12-18T12:42:29","guid":{"rendered":"https:\/\/jeffersonisac.adv.br\/index.php\/2023\/12\/18\/prorrogado-ate-2024-uso-dos-recursos-da-lei-paulo-gustavo-para-projetos-culturais\/"},"modified":"2023-12-18T09:42:29","modified_gmt":"2023-12-18T12:42:29","slug":"prorrogado-ate-2024-uso-dos-recursos-da-lei-paulo-gustavo-para-projetos-culturais","status":"publish","type":"post","link":"https:\/\/jeffersonisac.adv.br\/index.php\/2023\/12\/18\/prorrogado-ate-2024-uso-dos-recursos-da-lei-paulo-gustavo-para-projetos-culturais\/","title":{"rendered":"Prorrogado at\u00e9 2024 uso dos recursos da Lei Paulo Gustavo para projetos culturais"},"content":{"rendered":"<div class=\"image-container\">\n<div class=\"midia-creditos\"><em>Tony Oliveira\/Ag\u00eancia Bras\u00edlia<\/em><\/div>\n<div class=\"media-wrapper\"><\/div>\n<div class=\"midia-legenda\">O uso dos recursos em 2023 dependeu de decis\u00e3o do STF<\/div>\n<\/div>\n<p>Entrou em vigor nesta segunda-feira (18) a <a href=\"https:\/\/www.in.gov.br\/en\/web\/dou\/-\/lei-complementar-n-202-de-15-de-dezembro-de-2023-531377122\">Lei Complementar 202\/23<\/a> que prorroga, at\u00e9 dezembro de 2024, o uso dos recursos da <a href=\"https:\/\/www2.camara.leg.br\/legin\/fed\/leicom\/2022\/leicomplementar-195-8-julho-2022-792962-norma-pl.html\">Lei Paulo Gustavo,<\/a> de incentivo \u00e0 cultura.<\/p>\n<p>A Lei Paulo Gustavo destinou, em julho de 2022, R$ 3,86 bilh\u00f5es do Fundo Nacional da Cultura (FNC) para aliviar os impactos da pandemia de Covid-19 no setor. Os recursos foram destinados ao financiamento de projetos culturais, apoio e manuten\u00e7\u00e3o de espa\u00e7os culturais, capacita\u00e7\u00e3o, entre outras a\u00e7\u00f5es.<\/p>\n<p>A norma de 2022 determina o uso dos recursos at\u00e9 31 de dezembro de 2022, e a devolu\u00e7\u00e3o dos recursos n\u00e3o utilizados ao Tesouro Nacional at\u00e9 10 de janeiro de 2023. Uma decis\u00e3o da ministra do Supremo Tribunal Federal (STF) C\u00e1rmem L\u00facia, no entanto, prorrogou o prazo de execu\u00e7\u00e3o at\u00e9 dezembro de 2023.<\/p>\n<p>A nova lei tem origem em projeto do Senado (PLP 205\/23), <a href=\"https:\/\/www.camara.leg.br\/noticias\/1021164-CAMARA-APROVA-PRORROGACAO-DE-RECURSOS-PARA-PROJETOS-CULTURAIS-ATE-2024\">aprovado na C\u00e2mara dos Deputados<\/a> em novembro.<\/p>\n<p><a href=\"https:\/\/www.camara.leg.br\/noticias\/606442-conheca-a-tramitacao-de-projetos-de-lei-complementar\/\">Saiba mais sobre a tramita\u00e7\u00e3o de projetos de lei complementar<\/a><\/p>","protected":false},"excerpt":{"rendered":"<p>Tony Oliveira\/Ag\u00eancia Bras\u00edlia O uso dos recursos em 2023 dependeu de decis\u00e3o do STF Entrou em vigor nesta segunda-feira (18) a Lei Complementar 202\/23 que prorroga, at\u00e9 dezembro de 2024, o uso dos recursos da Lei Paulo Gustavo, de incentivo \u00e0 cultura. A Lei Paulo Gustavo destinou, em julho de 2022, R$ 3,86 bilh\u00f5es do [&hellip;]<\/p>\n","protected":false},"author":0,"featured_media":0,"comment_status":"open","ping_status":"open","sticky":false,"template":"","format":"standard","meta":{"footnotes":""},"categories":[1],"tags":[],"_links":{"self":[{"href":"https:\/\/jeffersonisac.adv.br\/index.php\/wp-json\/wp\/v2\/posts\/4089"}],"collection":[{"href":"https:\/\/jeffersonisac.adv.br\/index.php\/wp-json\/wp\/v2\/posts"}],"about":[{"href":"https:\/\/jeffersonisac.adv.br\/index.php\/wp-json\/wp\/v2\/types\/post"}],"replies":[{"embeddable":true,"href":"https:\/\/jeffersonisac.adv.br\/index.php\/wp-json\/wp\/v2\/comments?post=4089"}],"version-history":[{"count":0,"href":"https:\/\/jeffersonisac.adv.br\/index.php\/wp-json\/wp\/v2\/posts\/4089\/revisions"}],"wp:attachment":[{"href":"https:\/\/jeffersonisac.adv.br\/index.php\/wp-json\/wp\/v2\/media?parent=4089"}],"wp:term":[{"taxonomy":"category","embeddable":true,"href":"https:\/\/jeffersonisac.adv.br\/index.php\/wp-json\/wp\/v2\/categories?post=4089"},{"taxonomy":"post_tag","embeddable":true,"href":"https:\/\/jeffersonisac.adv.br\/index.php\/wp-json\/wp\/v2\/tags?post=4089"}],"curies":[{"name":"wp","href":"https:\/\/api.w.org\/{rel}","templated":true}]}}