{"id":4097,"date":"2023-12-18T13:25:49","date_gmt":"2023-12-18T16:25:49","guid":{"rendered":"https:\/\/jeffersonisac.adv.br\/index.php\/2023\/12\/18\/comissao-aprova-projeto-que-preve-redes-eletricas-subterraneas-em-locais-tombados\/"},"modified":"2023-12-18T13:25:49","modified_gmt":"2023-12-18T16:25:49","slug":"comissao-aprova-projeto-que-preve-redes-eletricas-subterraneas-em-locais-tombados","status":"publish","type":"post","link":"https:\/\/jeffersonisac.adv.br\/index.php\/2023\/12\/18\/comissao-aprova-projeto-que-preve-redes-eletricas-subterraneas-em-locais-tombados\/","title":{"rendered":"Comiss\u00e3o aprova projeto que prev\u00ea redes el\u00e9tricas subterr\u00e2neas em locais tombados"},"content":{"rendered":"<div class=\"image-container\">\n<div class=\"midia-creditos\"><em>Cleia Viana \/ C\u00e2mara dos Deputados<\/em><\/div>\n<div class=\"media-wrapper\"><\/div>\n<div class=\"midia-legenda\">Carlos Chiodini: medida vai valorizar as cidades hist\u00f3ricas e culturais<\/div>\n<\/div>\n<p>A Comiss\u00e3o de Desenvolvimento Urbano da C\u00e2mara dos Deputados aprovou projeto de lei que determina que as novas redes de distribui\u00e7\u00e3o de energia el\u00e9trica (compartilhadas ou n\u00e3o com outros servi\u00e7os) de conjuntos urbanos de valor hist\u00f3rico e cultural sejam subterr\u00e2neas.<\/p>\n<p>O <a class=\"linkProposicao\" href=\"https:\/\/www.camara.leg.br\/noticias\/219028-projeto-preve-rede-eletrica-subterranea-obrigatoria-em-cidades-historicas\">Projeto de Lei 798\/11<\/a> \u00e9 do deputado Paulo Abi-Ackel (PSDB-MG), e ainda ser\u00e1 analisado, em <span class=\"termoGlossario\">car\u00e1ter conclusivo<\/span>, na Comiss\u00e3o de Constitui\u00e7\u00e3o e Justi\u00e7a e de Cidadania (CCJ).<\/p>\n<p><strong>Aprova\u00e7\u00e3o do Iphan<\/strong><br \/>\nO relator, deputado Carlos Chiodini (MDB-SC), foi favor\u00e1vel. Ele incluiu uma <span class=\"termoGlossario\">emenda<\/span> determinando que o projeto de instala\u00e7\u00e3o das redes subterr\u00e2neas dever\u00e1 ser previamente aprovado pelo Instituto do Patrim\u00f4nio Hist\u00f3rico e Art\u00edstico Nacional (Iphan) ou por \u00f3rg\u00e3o similar local.<\/p>\n<p>Chiodini afirmou que a instala\u00e7\u00e3o de redes subterr\u00e2neas vai valorizar as cidades hist\u00f3ricas e culturais. \u201cA instala\u00e7\u00e3o subterr\u00e2nea tamb\u00e9m tende a diminuir a necessidade de investimentos em manuten\u00e7\u00e3o e reparo de linhas de distribui\u00e7\u00e3o\u201d, disse.<\/p>\n<p><strong>Fundo<br \/>\n<\/strong>O texto aprovado prev\u00ea que os custos para a substitui\u00e7\u00e3o das redes a\u00e9reas por cabeamento subterr\u00e2neo ser\u00e3o bancados por um fundo criado na proposta.<\/p>\n<p>O Fundo para Implanta\u00e7\u00e3o de Infraestrutura de Rede Subterr\u00e2nea para Preserva\u00e7\u00e3o do Patrim\u00f4nio Hist\u00f3rico ser\u00e1 formado exclusivamente por recursos or\u00e7ament\u00e1rios, sem cobran\u00e7a de taxa extra do consumidor.<\/p>\n<p>O texto prev\u00ea ainda que:<\/p>\n<p>as obras para substitui\u00e7\u00e3o das redes a\u00e9reas existentes dever\u00e3o ser executadas de acordo com planos elaborados pelo poder concedente;<br \/>\na instala\u00e7\u00e3o de rede subterr\u00e2nea levar\u00e1 em conta a t\u00e9cnica construtiva utilizada no local.<\/p>\n<p><a href=\"https:\/\/www.camara.leg.br\/noticias\/573454-SAIBA-MAIS-SOBRE-A-TRAMITACAO-DE-PROJETOS-DE-LEI\">Saiba mais sobre a tramita\u00e7\u00e3o de projetos de lei<\/a><\/p>","protected":false},"excerpt":{"rendered":"<p>Cleia Viana \/ C\u00e2mara dos Deputados Carlos Chiodini: medida vai valorizar as cidades hist\u00f3ricas e culturais A Comiss\u00e3o de Desenvolvimento Urbano da C\u00e2mara dos Deputados aprovou projeto de lei que determina que as novas redes de distribui\u00e7\u00e3o de energia el\u00e9trica (compartilhadas ou n\u00e3o com outros servi\u00e7os) de conjuntos urbanos de valor hist\u00f3rico e cultural sejam [&hellip;]<\/p>\n","protected":false},"author":0,"featured_media":0,"comment_status":"open","ping_status":"open","sticky":false,"template":"","format":"standard","meta":{"footnotes":""},"categories":[1],"tags":[],"_links":{"self":[{"href":"https:\/\/jeffersonisac.adv.br\/index.php\/wp-json\/wp\/v2\/posts\/4097"}],"collection":[{"href":"https:\/\/jeffersonisac.adv.br\/index.php\/wp-json\/wp\/v2\/posts"}],"about":[{"href":"https:\/\/jeffersonisac.adv.br\/index.php\/wp-json\/wp\/v2\/types\/post"}],"replies":[{"embeddable":true,"href":"https:\/\/jeffersonisac.adv.br\/index.php\/wp-json\/wp\/v2\/comments?post=4097"}],"version-history":[{"count":0,"href":"https:\/\/jeffersonisac.adv.br\/index.php\/wp-json\/wp\/v2\/posts\/4097\/revisions"}],"wp:attachment":[{"href":"https:\/\/jeffersonisac.adv.br\/index.php\/wp-json\/wp\/v2\/media?parent=4097"}],"wp:term":[{"taxonomy":"category","embeddable":true,"href":"https:\/\/jeffersonisac.adv.br\/index.php\/wp-json\/wp\/v2\/categories?post=4097"},{"taxonomy":"post_tag","embeddable":true,"href":"https:\/\/jeffersonisac.adv.br\/index.php\/wp-json\/wp\/v2\/tags?post=4097"}],"curies":[{"name":"wp","href":"https:\/\/api.w.org\/{rel}","templated":true}]}}