{"id":4100,"date":"2023-12-18T15:53:35","date_gmt":"2023-12-18T18:53:35","guid":{"rendered":"https:\/\/jeffersonisac.adv.br\/index.php\/2023\/12\/18\/comissao-aprova-criacao-de-politica-nacional-de-diagnostico-e-tratamento-da-depressao-pos-parto\/"},"modified":"2023-12-18T15:53:35","modified_gmt":"2023-12-18T18:53:35","slug":"comissao-aprova-criacao-de-politica-nacional-de-diagnostico-e-tratamento-da-depressao-pos-parto","status":"publish","type":"post","link":"https:\/\/jeffersonisac.adv.br\/index.php\/2023\/12\/18\/comissao-aprova-criacao-de-politica-nacional-de-diagnostico-e-tratamento-da-depressao-pos-parto\/","title":{"rendered":"Comiss\u00e3o aprova cria\u00e7\u00e3o de Pol\u00edtica Nacional de Diagn\u00f3stico e Tratamento da Depress\u00e3o P\u00f3s-Parto"},"content":{"rendered":"<div class=\"image-container\">\n<div class=\"midia-creditos\"><em>Zeca Ribeiro \/ C\u00e2mara dos Deputados<\/em><\/div>\n<div class=\"media-wrapper\"><\/div>\n<div class=\"midia-legenda\">Laura Carneiro recomendou a aprova\u00e7\u00e3o de substitutivo<\/div>\n<\/div>\n<p><span>A Comiss\u00e3o de Constitui\u00e7\u00e3o e Justi\u00e7a e de Cidadania (CCJ) da C\u00e2mara dos Deputados aprovou projeto de lei que cria a Pol\u00edtica Nacional de Diagn\u00f3stico e Tratamento da Depress\u00e3o P\u00f3s-Parto.\u00a0<\/span><\/p>\n<p><span>A relatora, deputada Laura Carneiro (PSD-RJ), apresentou parecer pela constitucionalidade de <span class=\"termoGlossario\">substitutivo<\/span> da Comiss\u00e3o de Previd\u00eancia, Assist\u00eancia Social, Inf\u00e2ncia, Adolesc\u00eancia e Fam\u00edlia ao <a class=\"linkProposicao\" href=\"https:\/\/www.camara.leg.br\/noticias\/557060-projeto-institui-politica-para-diagnosticar-e-tratar-depressao-pos-parto\">Projeto de Lei 1704\/19<\/a>, do deputado licenciado Julio Cesar Ribeiro (Republicanos-DF), recomendando sua aprova\u00e7\u00e3o.\u00a0<\/span><\/p>\n<p><span>De acordo com o texto aprovado, s\u00e3o objetivos da pol\u00edtica:<\/span><\/p>\n<p><span>o est\u00edmulo \u00e0 produ\u00e7\u00e3o de estudos e pesquisas acerca do diagn\u00f3stico e do tratamento da depress\u00e3o p\u00f3s-parto.<\/span><br \/>\n<span>a dissemina\u00e7\u00e3o de informa\u00e7\u00f5es sobre o tema nos ve\u00edculos de informa\u00e7\u00e3o.<\/span><br \/>\n<span>a promo\u00e7\u00e3o, no Sistema \u00danico de Sa\u00fade, de capacita\u00e7\u00e3o cont\u00ednua a respeito do diagn\u00f3stico e do tratamento da depress\u00e3o p\u00f3s-parto.<\/span><br \/>\n<span>a garantia de acesso \u00e0 aten\u00e7\u00e3o psicossocial para as mulheres com a enfermidade e para os seus familiares pr\u00f3ximos.<\/span><br \/>\n<span>o desenvolvimento e o aprimoramento de m\u00e9todos de coleta e an\u00e1lise de dados sobre a depress\u00e3o p\u00f3s-parto, para subsidiar a formula\u00e7\u00e3o de pol\u00edticas.<\/span><\/p>\n<p><span>A proposta tamb\u00e9m prev\u00ea uma Campanha Nacional de Conscientiza\u00e7\u00e3o sobre a Depress\u00e3o P\u00f3s-Parto, a ser realizada anualmente no m\u00eas de maio, com objetivos como instruir as m\u00e3es e seus familiares sobre os sinais e sintomas da depress\u00e3o p\u00f3s-parto e sensibilizar a popula\u00e7\u00e3o quanto aos fatores de risco e a gravidade da doen\u00e7a.<\/span><\/p>\n<p><span>A proposta foi analisada em <span class=\"termoGlossario\">car\u00e1ter conclusivo<\/span> e pode seguir ao Senado, a menos que haja recurso para vota\u00e7\u00e3o pelo Plen\u00e1rio.<\/span><\/p>\n<p><a href=\"https:\/\/www.camara.leg.br\/noticias\/573454-SAIBA-MAIS-SOBRE-A-TRAMITACAO-DE-PROJETOS-DE-LEI\">Saiba mais sobre a tramita\u00e7\u00e3o de projetos de lei<\/a><\/p>","protected":false},"excerpt":{"rendered":"<p>Zeca Ribeiro \/ C\u00e2mara dos Deputados Laura Carneiro recomendou a aprova\u00e7\u00e3o de substitutivo A Comiss\u00e3o de Constitui\u00e7\u00e3o e Justi\u00e7a e de Cidadania (CCJ) da C\u00e2mara dos Deputados aprovou projeto de lei que cria a Pol\u00edtica Nacional de Diagn\u00f3stico e Tratamento da Depress\u00e3o P\u00f3s-Parto.\u00a0 A relatora, deputada Laura Carneiro (PSD-RJ), apresentou parecer pela constitucionalidade de substitutivo [&hellip;]<\/p>\n","protected":false},"author":0,"featured_media":0,"comment_status":"open","ping_status":"open","sticky":false,"template":"","format":"standard","meta":{"footnotes":""},"categories":[1],"tags":[],"_links":{"self":[{"href":"https:\/\/jeffersonisac.adv.br\/index.php\/wp-json\/wp\/v2\/posts\/4100"}],"collection":[{"href":"https:\/\/jeffersonisac.adv.br\/index.php\/wp-json\/wp\/v2\/posts"}],"about":[{"href":"https:\/\/jeffersonisac.adv.br\/index.php\/wp-json\/wp\/v2\/types\/post"}],"replies":[{"embeddable":true,"href":"https:\/\/jeffersonisac.adv.br\/index.php\/wp-json\/wp\/v2\/comments?post=4100"}],"version-history":[{"count":0,"href":"https:\/\/jeffersonisac.adv.br\/index.php\/wp-json\/wp\/v2\/posts\/4100\/revisions"}],"wp:attachment":[{"href":"https:\/\/jeffersonisac.adv.br\/index.php\/wp-json\/wp\/v2\/media?parent=4100"}],"wp:term":[{"taxonomy":"category","embeddable":true,"href":"https:\/\/jeffersonisac.adv.br\/index.php\/wp-json\/wp\/v2\/categories?post=4100"},{"taxonomy":"post_tag","embeddable":true,"href":"https:\/\/jeffersonisac.adv.br\/index.php\/wp-json\/wp\/v2\/tags?post=4100"}],"curies":[{"name":"wp","href":"https:\/\/api.w.org\/{rel}","templated":true}]}}