{"id":4109,"date":"2023-12-18T20:31:32","date_gmt":"2023-12-18T23:31:32","guid":{"rendered":"https:\/\/jeffersonisac.adv.br\/index.php\/2023\/12\/18\/comissao-aprova-incentivo-a-formacao-tecnica-na-area-de-musica\/"},"modified":"2023-12-18T20:31:32","modified_gmt":"2023-12-18T23:31:32","slug":"comissao-aprova-incentivo-a-formacao-tecnica-na-area-de-musica","status":"publish","type":"post","link":"https:\/\/jeffersonisac.adv.br\/index.php\/2023\/12\/18\/comissao-aprova-incentivo-a-formacao-tecnica-na-area-de-musica\/","title":{"rendered":"Comiss\u00e3o aprova incentivo \u00e0 forma\u00e7\u00e3o t\u00e9cnica na \u00e1rea de m\u00fasica"},"content":{"rendered":"<div class=\"image-container\">\n<div class=\"midia-creditos\"><em>Zeca Ribeiro\/C\u00e2mara dos Deputados<\/em><\/div>\n<div class=\"media-wrapper\"><\/div>\n<div class=\"midia-legenda\">Prof. Paulo Fernando, relator da mat\u00e9ria na comiss\u00e3o<\/div>\n<\/div>\n<p>A Comiss\u00e3o de Trabalho da C\u00e2mara dos Deputados aprovou proposta que permite \u00e0s empresas destinar at\u00e9 10% de sua cota de aprendizes \u00e0 realiza\u00e7\u00e3o de cursos t\u00e9cnicos na \u00e1rea da m\u00fasica a serem oferecidos por organiza\u00e7\u00f5es voltadas \u00e0 educa\u00e7\u00e3o profissional.\u00a0<\/p>\n<p>Atualmente, a CLT obriga as empresas a contratar percentual de trabalhadores na condi\u00e7\u00e3o de aprendiz, a depender do n\u00famero total de funcion\u00e1rios empregados.\u00a0<\/p>\n<p>Pela legisla\u00e7\u00e3o, as empresas podem destinar at\u00e9 10% da cota de aprendizes \u00e0 forma\u00e7\u00e3o t\u00e9cnico-profissional em atividades desportivas. O <span class=\"termoGlossario\">substitutivo<\/span> do deputado Prof. Paulo Fernando (Republicanos-DF) ao <a class=\"linkProposicao\" href=\"https:\/\/www.camara.leg.br\/noticias\/852632-projeto-cria-programa-musical-voltado-a-jovem-em-vulnerabilidade-social\">Projeto de Lei 4383\/21<\/a> insere o incentivo \u00e0 forma\u00e7\u00e3o musical nesse trecho CLT.\u00a0<\/p>\n<p>&#8220;Assim, estaremos aproveitando um instituto jur\u00eddico j\u00e1 consolidado na sociedade para estimular a aprendizagem na cultura, sem onerar a classe empregadora, uma vez que o cumprimento da cota de aprendizagem j\u00e1 \u00e9 uma exig\u00eancia da legisla\u00e7\u00e3o vigente&#8221;, justificou o relator.\u00a0<\/p>\n<p>O texto original previa a cria\u00e7\u00e3o de um Programa Nacional Jovem Aprendiz Musica, com oferta de bolsas de estudo ao adolescentes com idade entre 10 e 17 anos, matriculados no ensino b\u00e1sico, admitidos por meio de contratos de aprendizagem profissional.<\/p>\n<p>No entanto, o relator optou por excluir essa previs\u00e3o, a qual,\u00a0segundo ele, &#8220;poderia incorrer em inconstitucionalidade por v\u00edcio de iniciativa e por inadequa\u00e7\u00e3o financeira e or\u00e7ament\u00e1ria&#8221;.\u00a0<\/p>\n<p>Pela vers\u00e3o aprovada, o cumprimento da cota para forma\u00e7\u00e3o em cursos<br \/>\nt\u00e9cnicos na \u00e1rea da m\u00fasica deve atender, prioritariamente, os adolescentes matriculados na educa\u00e7\u00e3o b\u00e1sica em situa\u00e7\u00e3o de vulnerabilidade ou<br \/>\nexclus\u00e3o social.\u00a0<\/p>\n<p><strong>Tramita\u00e7\u00e3o<\/strong><br \/>\nA proposta tramita em <span class=\"termoGlossario\">car\u00e1ter conclusivo<\/span> e ser\u00e1 analisada pelas comiss\u00f5es de Finan\u00e7as e Tributa\u00e7\u00e3o e de Constitui\u00e7\u00e3o e Justi\u00e7a e de Cidadania.<\/p>\n<p><a href=\"https:\/\/www.camara.leg.br\/noticias\/573454-SAIBA-MAIS-SOBRE-A-TRAMITACAO-DE-PROJETOS-DE-LEI\">Saiba mais sobre a tramita\u00e7\u00e3o de projetos de lei<\/a><\/p>","protected":false},"excerpt":{"rendered":"<p>Zeca Ribeiro\/C\u00e2mara dos Deputados Prof. Paulo Fernando, relator da mat\u00e9ria na comiss\u00e3o A Comiss\u00e3o de Trabalho da C\u00e2mara dos Deputados aprovou proposta que permite \u00e0s empresas destinar at\u00e9 10% de sua cota de aprendizes \u00e0 realiza\u00e7\u00e3o de cursos t\u00e9cnicos na \u00e1rea da m\u00fasica a serem oferecidos por organiza\u00e7\u00f5es voltadas \u00e0 educa\u00e7\u00e3o profissional.\u00a0 Atualmente, a CLT [&hellip;]<\/p>\n","protected":false},"author":0,"featured_media":0,"comment_status":"open","ping_status":"open","sticky":false,"template":"","format":"standard","meta":{"footnotes":""},"categories":[1],"tags":[],"_links":{"self":[{"href":"https:\/\/jeffersonisac.adv.br\/index.php\/wp-json\/wp\/v2\/posts\/4109"}],"collection":[{"href":"https:\/\/jeffersonisac.adv.br\/index.php\/wp-json\/wp\/v2\/posts"}],"about":[{"href":"https:\/\/jeffersonisac.adv.br\/index.php\/wp-json\/wp\/v2\/types\/post"}],"replies":[{"embeddable":true,"href":"https:\/\/jeffersonisac.adv.br\/index.php\/wp-json\/wp\/v2\/comments?post=4109"}],"version-history":[{"count":0,"href":"https:\/\/jeffersonisac.adv.br\/index.php\/wp-json\/wp\/v2\/posts\/4109\/revisions"}],"wp:attachment":[{"href":"https:\/\/jeffersonisac.adv.br\/index.php\/wp-json\/wp\/v2\/media?parent=4109"}],"wp:term":[{"taxonomy":"category","embeddable":true,"href":"https:\/\/jeffersonisac.adv.br\/index.php\/wp-json\/wp\/v2\/categories?post=4109"},{"taxonomy":"post_tag","embeddable":true,"href":"https:\/\/jeffersonisac.adv.br\/index.php\/wp-json\/wp\/v2\/tags?post=4109"}],"curies":[{"name":"wp","href":"https:\/\/api.w.org\/{rel}","templated":true}]}}