{"id":4117,"date":"2023-12-19T08:39:00","date_gmt":"2023-12-19T11:39:00","guid":{"rendered":"https:\/\/jeffersonisac.adv.br\/index.php\/2023\/12\/19\/cancelada-audiencia-de-comissao-com-presenca-da-ministra-marina-silva\/"},"modified":"2023-12-19T08:39:00","modified_gmt":"2023-12-19T11:39:00","slug":"cancelada-audiencia-de-comissao-com-presenca-da-ministra-marina-silva","status":"publish","type":"post","link":"https:\/\/jeffersonisac.adv.br\/index.php\/2023\/12\/19\/cancelada-audiencia-de-comissao-com-presenca-da-ministra-marina-silva\/","title":{"rendered":"Cancelada audi\u00eancia de comiss\u00e3o com presen\u00e7a da ministra Marina Silva"},"content":{"rendered":"<div class=\"image-container\">\n<div class=\"midia-creditos\"><em>Vinicius Loures \/ C\u00e2mara dos Deputados<\/em><\/div>\n<div class=\"media-wrapper\"><\/div>\n<div class=\"midia-legenda\">Marina Silva esteve em setembro na Comiss\u00e3o de Meio Ambiente da C\u00e2mara<\/div>\n<\/div>\n<p>A Comiss\u00e3o de Fiscaliza\u00e7\u00e3o Financeira e Controle da C\u00e2mara dos Deputados cancelou a audi\u00eancia que realizaria nesta ter\u00e7a-feira (19) com a ministra do Meio Ambiente e Mudan\u00e7a do Clima, Marina Silva. N\u00e3o h\u00e1 data para a nova reuni\u00e3o.<\/p>\n<p>A vinda da ministra foi pedida pelos deputados Evair Vieira de Melo (PP-ES), Eduardo Bolsonaro (PL-SP), Junio Amaral (PL-MG) e Kim Kataguiri (Uni\u00e3o-SP).<\/p>\n<p>Eles querem que a ministra fale sobre:<\/p>\n<p>gastos do Instituto de Pesquisa Ambiental da Amaz\u00f4nia (Ipam) com recursos do Fundo Amaz\u00f4nia em 2022;<br \/>\nprojetos de conserva\u00e7\u00e3o ambiental realizados por Organiza\u00e7\u00f5es N\u00e3o Governamentais e Organiza\u00e7\u00f5es da Sociedade Civil de Interesse P\u00fablico, financiadas com recursos do Fundo Amaz\u00f4nia;<br \/>\nas a\u00e7\u00f5es do minist\u00e9rio para enfrentar as queimadas na Amaz\u00f4nia;<br \/>\nas medidas que governo tem adotado para proteger a pesca artesanal; e<br \/>\nsobre sua alega\u00e7\u00e3o de que a culpa pelos 40 mil focos de inc\u00eandio no Pantanal Sul-Mato-Grossense, neste ano, \u00e9 do governo anterior.<\/p>\n<p>\u00a0<\/p>","protected":false},"excerpt":{"rendered":"<p>Vinicius Loures \/ C\u00e2mara dos Deputados Marina Silva esteve em setembro na Comiss\u00e3o de Meio Ambiente da C\u00e2mara A Comiss\u00e3o de Fiscaliza\u00e7\u00e3o Financeira e Controle da C\u00e2mara dos Deputados cancelou a audi\u00eancia que realizaria nesta ter\u00e7a-feira (19) com a ministra do Meio Ambiente e Mudan\u00e7a do Clima, Marina Silva. N\u00e3o h\u00e1 data para a nova [&hellip;]<\/p>\n","protected":false},"author":0,"featured_media":0,"comment_status":"open","ping_status":"open","sticky":false,"template":"","format":"standard","meta":{"footnotes":""},"categories":[1],"tags":[],"_links":{"self":[{"href":"https:\/\/jeffersonisac.adv.br\/index.php\/wp-json\/wp\/v2\/posts\/4117"}],"collection":[{"href":"https:\/\/jeffersonisac.adv.br\/index.php\/wp-json\/wp\/v2\/posts"}],"about":[{"href":"https:\/\/jeffersonisac.adv.br\/index.php\/wp-json\/wp\/v2\/types\/post"}],"replies":[{"embeddable":true,"href":"https:\/\/jeffersonisac.adv.br\/index.php\/wp-json\/wp\/v2\/comments?post=4117"}],"version-history":[{"count":0,"href":"https:\/\/jeffersonisac.adv.br\/index.php\/wp-json\/wp\/v2\/posts\/4117\/revisions"}],"wp:attachment":[{"href":"https:\/\/jeffersonisac.adv.br\/index.php\/wp-json\/wp\/v2\/media?parent=4117"}],"wp:term":[{"taxonomy":"category","embeddable":true,"href":"https:\/\/jeffersonisac.adv.br\/index.php\/wp-json\/wp\/v2\/categories?post=4117"},{"taxonomy":"post_tag","embeddable":true,"href":"https:\/\/jeffersonisac.adv.br\/index.php\/wp-json\/wp\/v2\/tags?post=4117"}],"curies":[{"name":"wp","href":"https:\/\/api.w.org\/{rel}","templated":true}]}}