{"id":4122,"date":"2023-12-19T13:18:17","date_gmt":"2023-12-19T16:18:17","guid":{"rendered":"https:\/\/jeffersonisac.adv.br\/index.php\/2023\/12\/19\/comissao-aprova-projeto-que-incentiva-producao-nacional-de-fertilizantes\/"},"modified":"2023-12-19T13:18:17","modified_gmt":"2023-12-19T16:18:17","slug":"comissao-aprova-projeto-que-incentiva-producao-nacional-de-fertilizantes","status":"publish","type":"post","link":"https:\/\/jeffersonisac.adv.br\/index.php\/2023\/12\/19\/comissao-aprova-projeto-que-incentiva-producao-nacional-de-fertilizantes\/","title":{"rendered":"Comiss\u00e3o aprova projeto que incentiva produ\u00e7\u00e3o nacional de fertilizantes"},"content":{"rendered":"<div class=\"image-container\">\n<div class=\"midia-creditos\"><em>Bruno Spada\/C\u00e2mara dos Deputados<\/em><\/div>\n<div class=\"media-wrapper\"><\/div>\n<div class=\"midia-legenda\">Bia Kicis \u00e9 a relatora da proposta<\/div>\n<\/div>\n<p>A Comiss\u00e3o de Desenvolvimento Econ\u00f4mico da C\u00e2mara dos Deputados aprovou o <a class=\"linkProposicao\" href=\"https:\/\/www.camara.leg.br\/noticias\/846827-projeto-cria-programa-de-beneficio-fiscal-para-incentivar-producao-nacional-de-fertilizantes\">Projeto de Lei 3507\/21<\/a>, que cria um programa para estimular a produ\u00e7\u00e3o nacional de fertilizantes baseado em incentivos fiscais.<\/p>\n<p>Atualmente, mais de 87% dos fertilizantes usados pela agricultura brasileira s\u00e3o importados, segundo o governo. A relatora da proposta, deputada Bia Kicis (PL-DF), deu parecer favor\u00e1vel.<\/p>\n<p>Segundo ela, a medida \u00e9 importante para reduzir a depend\u00eancia brasileira. Kicis afirmou que o pre\u00e7o dos fertilizantes no mercado internacional disparou desde 2021, por conta da invas\u00e3o\u00a0 da Ucr\u00e2nia pela R\u00fassia, que \u00e9 a maior exportadora mundial.<\/p>\n<p>\u201cO aumento no pre\u00e7o destes insumos afeta diretamente e causa preju\u00edzos na produ\u00e7\u00e3o agropecu\u00e1ria, o que encarece o pre\u00e7o dos alimentos\u201d, disse Kicis. Ela apresentou uma emenda com um ajuste pontual na proposta.<\/p>\n<p><strong>Benef\u00edcios<br \/>\n<\/strong>O PL 3507\/21 \u00e9 do ex-deputado e atual senador Laercio Oliveira (PP-SE). Conforme o texto, o Programa de Desenvolvimento da Ind\u00fastria de Fertilizantes (Profert) vai beneficiar empresas com projetos para implanta\u00e7\u00e3o, amplia\u00e7\u00e3o ou moderniza\u00e7\u00e3o de unidades para produ\u00e7\u00e3o de fertilizantes e de insumos.<\/p>\n<p>M\u00e1quinas, equipamentos, materiais de constru\u00e7\u00e3o civil e servi\u00e7os contratados para os projetos ter\u00e3o suspens\u00e3o do pagamento da contribui\u00e7\u00e3o para <span class=\"termoGlossario\">PIS\/Pasep<\/span>, PIS\/Pasep-Importa\u00e7\u00e3o, <span class=\"termoGlossario\">Cofins<\/span>, Cofins-Importa\u00e7\u00e3o, <span class=\"termoGlossario\">Imposto sobre Produtos Industrializados<\/span> (IPI), IPI vinculado \u00e0 importa\u00e7\u00e3o e <span class=\"termoGlossario\">Imposto de Importa\u00e7\u00e3o<\/span> (II).<\/p>\n<p>A suspens\u00e3o dos tributos ser\u00e1 convertida em al\u00edquotas zero ou isen\u00e7\u00e3o, conforme o caso, depois da utiliza\u00e7\u00e3o do bem ou material de constru\u00e7\u00e3o.<\/p>\n<p><strong>Frete<br \/>\n<\/strong>O Profert tamb\u00e9m prev\u00ea a n\u00e3o incid\u00eancia do Adicional ao Frete para a Renova\u00e7\u00e3o da Marinha Mercante (AFRMM) e a aplica\u00e7\u00e3o de al\u00edquota zero do Imposto de Renda na Fonte e da <span class=\"termoGlossario\">Contribui\u00e7\u00e3o de Interven\u00e7\u00e3o de Dom\u00ednio Econ\u00f4mico<\/span> (Cide) incidentes sobre valores remetidos ao exterior, inclusive em raz\u00e3o de royalties.<\/p>\n<p>Os benef\u00edcios poder\u00e3o ser usufru\u00eddos nas aquisi\u00e7\u00f5es e importa\u00e7\u00f5es realizadas pelo per\u00edodo de cinco anos ap\u00f3s a aprova\u00e7\u00e3o do projeto de fabrica\u00e7\u00e3o de fertilizantes pelos minist\u00e9rios de Minas e Energia e da Agricultura.<\/p>\n<p><strong>Tramita\u00e7\u00e3o<br \/>\n<\/strong>O projeto ser\u00e1 analisado agora, em <span class=\"termoGlossario\">car\u00e1ter conclusivo<\/span>, pelas comiss\u00f5es de Finan\u00e7as e Tributa\u00e7\u00e3o; e de Constitui\u00e7\u00e3o e Justi\u00e7a e de Cidadania (CCJ).<\/p>\n<p><a href=\"https:\/\/www.camara.leg.br\/noticias\/573454-SAIBA-MAIS-SOBRE-A-TRAMITACAO-DE-PROJETOS-DE-LEI\">Saiba mais sobre a tramita\u00e7\u00e3o de projetos de lei<\/a><\/p>","protected":false},"excerpt":{"rendered":"<p>Bruno Spada\/C\u00e2mara dos Deputados Bia Kicis \u00e9 a relatora da proposta A Comiss\u00e3o de Desenvolvimento Econ\u00f4mico da C\u00e2mara dos Deputados aprovou o Projeto de Lei 3507\/21, que cria um programa para estimular a produ\u00e7\u00e3o nacional de fertilizantes baseado em incentivos fiscais. Atualmente, mais de 87% dos fertilizantes usados pela agricultura brasileira s\u00e3o importados, segundo o [&hellip;]<\/p>\n","protected":false},"author":0,"featured_media":0,"comment_status":"open","ping_status":"open","sticky":false,"template":"","format":"standard","meta":{"footnotes":""},"categories":[1],"tags":[],"_links":{"self":[{"href":"https:\/\/jeffersonisac.adv.br\/index.php\/wp-json\/wp\/v2\/posts\/4122"}],"collection":[{"href":"https:\/\/jeffersonisac.adv.br\/index.php\/wp-json\/wp\/v2\/posts"}],"about":[{"href":"https:\/\/jeffersonisac.adv.br\/index.php\/wp-json\/wp\/v2\/types\/post"}],"replies":[{"embeddable":true,"href":"https:\/\/jeffersonisac.adv.br\/index.php\/wp-json\/wp\/v2\/comments?post=4122"}],"version-history":[{"count":0,"href":"https:\/\/jeffersonisac.adv.br\/index.php\/wp-json\/wp\/v2\/posts\/4122\/revisions"}],"wp:attachment":[{"href":"https:\/\/jeffersonisac.adv.br\/index.php\/wp-json\/wp\/v2\/media?parent=4122"}],"wp:term":[{"taxonomy":"category","embeddable":true,"href":"https:\/\/jeffersonisac.adv.br\/index.php\/wp-json\/wp\/v2\/categories?post=4122"},{"taxonomy":"post_tag","embeddable":true,"href":"https:\/\/jeffersonisac.adv.br\/index.php\/wp-json\/wp\/v2\/tags?post=4122"}],"curies":[{"name":"wp","href":"https:\/\/api.w.org\/{rel}","templated":true}]}}