{"id":4125,"date":"2023-12-19T15:16:12","date_gmt":"2023-12-19T18:16:12","guid":{"rendered":"https:\/\/jeffersonisac.adv.br\/index.php\/2023\/12\/19\/lira-cita-regulamentacao-da-reforma-tributaria-e-da-inteligencia-artificial-entre-prioridades-para-2024\/"},"modified":"2023-12-19T15:16:12","modified_gmt":"2023-12-19T18:16:12","slug":"lira-cita-regulamentacao-da-reforma-tributaria-e-da-inteligencia-artificial-entre-prioridades-para-2024","status":"publish","type":"post","link":"https:\/\/jeffersonisac.adv.br\/index.php\/2023\/12\/19\/lira-cita-regulamentacao-da-reforma-tributaria-e-da-inteligencia-artificial-entre-prioridades-para-2024\/","title":{"rendered":"Lira cita regulamenta\u00e7\u00e3o da reforma tribut\u00e1ria e da intelig\u00eancia artificial entre prioridades para 2024"},"content":{"rendered":"<div class=\"image-container\">\n<div class=\"midia-creditos\"><em>Acervo C\u00e2mara dos Deputados<\/em><\/div>\n<div class=\"media-wrapper\"><\/div>\n<div class=\"midia-legenda\">Lira tamb\u00e9m citou como avan\u00e7o neste ano a cria\u00e7\u00e3o da bancada negra<\/div>\n<\/div>\n<p><span>O presidente da C\u00e2mara dos Deputados, Arthur Lira, avalia que, em meio a uma situa\u00e7\u00e3o de polariza\u00e7\u00e3o pol\u00edtica, a Casa conseguiu encontrar equil\u00edbrio para aprovar pautas econ\u00f4micas importantes em 2023.<\/span><\/p>\n<p><span>Aos ve\u00edculos de comunica\u00e7\u00e3o da Casa, Lira disse nesta ter\u00e7a-feira (19) que a C\u00e2mara tamb\u00e9m avan\u00e7ou neste ano com <\/span><span>a cria\u00e7\u00e3o da bancada negra, formada por mais de 120 deputados e deputadas que se declaram pretos ou pardos. A bancada negra ter\u00e1 assento na reuni\u00e3o de l\u00edderes da C\u00e2mara com o presidente, que define a pauta de vota\u00e7\u00f5es do Plen\u00e1rio, com direito a voz e voto.<\/span><\/p>\n<p>Economia<br \/>\n<span>Em 2024, segundo Lira, a prioridade ser\u00e1 novamente, em parte, a pauta econ\u00f4mica, como a regulamenta\u00e7\u00e3o da reforma tribut\u00e1ria e das apostas esportivas (bets), caso a vota\u00e7\u00e3o desta mat\u00e9ria n\u00e3o seja conclu\u00edda este ano.<\/span><\/p>\n<p><span>O presidente da C\u00e2mara considera prioridade ainda discutir seguran\u00e7a p\u00fablica e a regulamenta\u00e7\u00e3o da intelig\u00eancia artificial (IA), que hoje seria terra sem lei. Na vis\u00e3o dele, a IA pode afetar as elei\u00e7\u00f5es, e o tema hoje tem mais relev\u00e2ncia do que as <\/span><span>fake news<\/span><span>.<\/span><\/p>\n<p>Vetos<br \/>\n<span>Lira afirmou que n\u00e3o houve derrota para o governo na vota\u00e7\u00e3o dos vetos parlamentares, mas ru\u00eddos nas negocia\u00e7\u00f5es. Ele espera que no pr\u00f3ximo ano o governo se articule melhor para evitar esses ru\u00eddos.<\/span><\/p>\n<p>CCJ<br \/>\n<span>Questionado sobre a exist\u00eancia de acordo em rela\u00e7\u00e3o \u00e0 presid\u00eancia da Comiss\u00e3o de Constitui\u00e7\u00e3o e Justi\u00e7a (CCJ) no pr\u00f3ximo ano, Lira esclareceu que existe um acordo para que seja feito rod\u00edzio dos partidos que presidem a comiss\u00e3o.<\/span><\/p>\n<p>Vistos<br \/>\n<span>Lira ainda disse que o Brasil s\u00f3 tem a perder com a decis\u00e3o do governo de exigir reciprocidade para os vistos tur\u00edsticos, o que poder\u00e1 prejudicar o turismo brasileiro. A C\u00e2mara aprovou na segunda-feira (18) regime de urg\u00eancia para o PDL 140\/23, do deputado Marcel van Hattem (Novo-RS) e outros, que suspende decreto do Executivo que retomou o crit\u00e9rio de reciprocidade e voltou a exigir o visto para turistas vindos dos Estados Unidos, do Canad\u00e1, da Austr\u00e1lia e do Jap\u00e3o. O projeto poder\u00e1 ser votado nas pr\u00f3ximas sess\u00f5es do Plen\u00e1rio.<\/span><\/p>\n<p>Mandato no STF<br \/>\n<span>O presidente da C\u00e2mara tamb\u00e9m afirmou que \u00e9 contra a transforma\u00e7\u00e3o dos cargos de ministros do Supremo Tribunal Federal em mandatos tempor\u00e1rios. O tema est\u00e1 em an\u00e1lise no Senado, por meio da PEC 77\/2019, que limita o mandato de ministros do STF a oito anos, permitida uma recondu\u00e7\u00e3o.<\/span><\/p>\n<p>Meta de d\u00e9ficit zero<br \/>\n<span>Sobre a meta fiscal de d\u00e9ficit zero, defendida pelo ministro da Economia, Fernando Haddad, Lira disse que o governo tem que buscar uma solu\u00e7\u00e3o e n\u00e3o pode &#8220;apertar s\u00f3 na arrecada\u00e7\u00e3o\u201d.<\/span><\/p>","protected":false},"excerpt":{"rendered":"<p>Acervo C\u00e2mara dos Deputados Lira tamb\u00e9m citou como avan\u00e7o neste ano a cria\u00e7\u00e3o da bancada negra O presidente da C\u00e2mara dos Deputados, Arthur Lira, avalia que, em meio a uma situa\u00e7\u00e3o de polariza\u00e7\u00e3o pol\u00edtica, a Casa conseguiu encontrar equil\u00edbrio para aprovar pautas econ\u00f4micas importantes em 2023. Aos ve\u00edculos de comunica\u00e7\u00e3o da Casa, Lira disse nesta [&hellip;]<\/p>\n","protected":false},"author":0,"featured_media":0,"comment_status":"open","ping_status":"open","sticky":false,"template":"","format":"standard","meta":{"footnotes":""},"categories":[1],"tags":[],"_links":{"self":[{"href":"https:\/\/jeffersonisac.adv.br\/index.php\/wp-json\/wp\/v2\/posts\/4125"}],"collection":[{"href":"https:\/\/jeffersonisac.adv.br\/index.php\/wp-json\/wp\/v2\/posts"}],"about":[{"href":"https:\/\/jeffersonisac.adv.br\/index.php\/wp-json\/wp\/v2\/types\/post"}],"replies":[{"embeddable":true,"href":"https:\/\/jeffersonisac.adv.br\/index.php\/wp-json\/wp\/v2\/comments?post=4125"}],"version-history":[{"count":0,"href":"https:\/\/jeffersonisac.adv.br\/index.php\/wp-json\/wp\/v2\/posts\/4125\/revisions"}],"wp:attachment":[{"href":"https:\/\/jeffersonisac.adv.br\/index.php\/wp-json\/wp\/v2\/media?parent=4125"}],"wp:term":[{"taxonomy":"category","embeddable":true,"href":"https:\/\/jeffersonisac.adv.br\/index.php\/wp-json\/wp\/v2\/categories?post=4125"},{"taxonomy":"post_tag","embeddable":true,"href":"https:\/\/jeffersonisac.adv.br\/index.php\/wp-json\/wp\/v2\/tags?post=4125"}],"curies":[{"name":"wp","href":"https:\/\/api.w.org\/{rel}","templated":true}]}}