{"id":4126,"date":"2023-12-19T15:16:12","date_gmt":"2023-12-19T18:16:12","guid":{"rendered":"https:\/\/jeffersonisac.adv.br\/index.php\/2023\/12\/19\/comissao-aprova-politica-de-protecao-e-uso-sustentavel-da-caatinga\/"},"modified":"2023-12-19T15:16:12","modified_gmt":"2023-12-19T18:16:12","slug":"comissao-aprova-politica-de-protecao-e-uso-sustentavel-da-caatinga","status":"publish","type":"post","link":"https:\/\/jeffersonisac.adv.br\/index.php\/2023\/12\/19\/comissao-aprova-politica-de-protecao-e-uso-sustentavel-da-caatinga\/","title":{"rendered":"Comiss\u00e3o aprova pol\u00edtica de prote\u00e7\u00e3o e uso sustent\u00e1vel da Caatinga"},"content":{"rendered":"<div class=\"image-container\">\n<div class=\"midia-creditos\"><em>Zeca Ribeiro\/C\u00e2mara dos Deputados<\/em><\/div>\n<div class=\"media-wrapper\"><\/div>\n<div class=\"midia-legenda\">O relator da proposta, deputado Pedro Campos<\/div>\n<\/div>\n<p>A Comiss\u00e3o de Integra\u00e7\u00e3o Nacional e Desenvolvimento Regional da C\u00e2mara dos Deputados aprovou projeto de lei que institui uma pol\u00edtica de prote\u00e7\u00e3o da Caatinga. O bioma ocupa uma \u00e1rea aproximada de 10% do territ\u00f3rio brasileiro, abrangendo a maior parte do Nordeste e trechos de Minas Gerais.<\/p>\n<p>Com 29 artigos, a Pol\u00edtica de Desenvolvimento Sustent\u00e1vel da Caatinga institui a meta de preservar pelo menos 17% do bioma, por meio de unidades de conserva\u00e7\u00e3o de prote\u00e7\u00e3o integral. Essa meta dever\u00e1 ser alcan\u00e7ada em cinco anos, ap\u00f3s a lei entrar em vigor.<\/p>\n<p>Confira outros pontos da pol\u00edtica da caatinga:<\/p>\n<p>pro\u00edbe a supress\u00e3o de vegeta\u00e7\u00e3o nativa, exceto em casos de utilidade p\u00fablica, interesse social ou atividade de baixo impacto ambiental;<br \/>\nveda a produ\u00e7\u00e3o e o com\u00e9rcio de lenha e carv\u00e3o vegetal oriundos da caatinga, exceto para fins de subsist\u00eancia e para perpetua\u00e7\u00e3o de tradi\u00e7\u00f5es culturais;<br \/>\ndetermina ao poder p\u00fablico fomentar a restaura\u00e7\u00e3o da vegeta\u00e7\u00e3o nativa e a reintrodu\u00e7\u00e3o das esp\u00e9cies amea\u00e7adas de extin\u00e7\u00e3o.<\/p>\n<p>O texto prev\u00ea ainda que o poder p\u00fablico dever\u00e1 mapear as \u00e1reas remanescentes de vegeta\u00e7\u00e3o nativa do bioma, identificar as \u00e1reas priorit\u00e1rias para conserva\u00e7\u00e3o e implantar corredores ecol\u00f3gicos.<\/p>\n<p><strong>Amea\u00e7as<br \/>\n<\/strong>A proposta foi aprovada na forma de um <span class=\"termoGlossario\">substitutivo<\/span> do relator, deputado Pedro Campos (PSB-PE), ao <a class=\"linkProposicao\" href=\"https:\/\/www.camara.leg.br\/noticias\/591994-caatinga-podera-ter-lei-de-protecao-com-medidas-para-coibir-desmatamento\">Projeto de Lei 4623\/19<\/a>. O texto mescla em um \u00fanico documento o projeto original, do ex-deputado Pedro Augusto Bezerra (CE), e o <span class=\"termoGlossario\">apensado<\/span>, PL 3048\/22, do Senado.<\/p>\n<p>Campos afirmou que a caatinga enfrenta amea\u00e7as significativas, em particular por causa do desmatamento em fronteiras agr\u00edcolas. \u201cA falta de pol\u00edticas p\u00fablicas, adaptadas \u00e0s caracter\u00edsticas ecol\u00f3gicas do bioma, contribui para o agravamento desses problemas\u201d, afirmou.<\/p>\n<p><strong>Desenvolvimento sustent\u00e1vel<br \/>\n<\/strong>De acordo com o substitutivo, a Pol\u00edtica de Desenvolvimento Sustent\u00e1vel da Caatinga ter\u00e1 princ\u00edpios e diretrizes espec\u00edficos. Conter\u00e1 ainda um Plano de A\u00e7\u00e3o para a Preven\u00e7\u00e3o e Controle do Desmatamento na Caatinga (PPCaatinga) e o Zoneamento Ecol\u00f3gico-Econ\u00f4mico (ZEE). Ambos ser\u00e3o elaborados no prazo de dois anos ap\u00f3s a publica\u00e7\u00e3o da lei e revistos a cada 10 anos.<\/p>\n<p>O projeto cria ainda o Fundo da Caatinga, para financiar a\u00e7\u00f5es de preven\u00e7\u00e3o e combate \u00e0 desertifica\u00e7\u00e3o e ao desmatamento, entre outros fins.<\/p>\n<p><strong>Tramita\u00e7\u00e3o<\/strong><br \/>\nO projeto ainda ser\u00e1 analisado, em <span class=\"termoGlossario\">car\u00e1ter conclusivo<\/span>, em quatro comiss\u00f5es da C\u00e2mara: Agricultura, Pecu\u00e1ria, Abastecimento e Desenvolvimento Rural; Meio Ambiente e Desenvolvimento Sustent\u00e1vel; Finan\u00e7as e Tributa\u00e7\u00e3o; e Constitui\u00e7\u00e3o e Justi\u00e7a e de Cidadania (CCJ).<\/p>\n<p><a href=\"https:\/\/www.camara.leg.br\/noticias\/573454-SAIBA-MAIS-SOBRE-A-TRAMITACAO-DE-PROJETOS-DE-LEI\">Saiba mais sobre a tramita\u00e7\u00e3o de projetos de lei<\/a><\/p>","protected":false},"excerpt":{"rendered":"<p>Zeca Ribeiro\/C\u00e2mara dos Deputados O relator da proposta, deputado Pedro Campos A Comiss\u00e3o de Integra\u00e7\u00e3o Nacional e Desenvolvimento Regional da C\u00e2mara dos Deputados aprovou projeto de lei que institui uma pol\u00edtica de prote\u00e7\u00e3o da Caatinga. O bioma ocupa uma \u00e1rea aproximada de 10% do territ\u00f3rio brasileiro, abrangendo a maior parte do Nordeste e trechos de [&hellip;]<\/p>\n","protected":false},"author":0,"featured_media":0,"comment_status":"open","ping_status":"open","sticky":false,"template":"","format":"standard","meta":{"footnotes":""},"categories":[1],"tags":[],"_links":{"self":[{"href":"https:\/\/jeffersonisac.adv.br\/index.php\/wp-json\/wp\/v2\/posts\/4126"}],"collection":[{"href":"https:\/\/jeffersonisac.adv.br\/index.php\/wp-json\/wp\/v2\/posts"}],"about":[{"href":"https:\/\/jeffersonisac.adv.br\/index.php\/wp-json\/wp\/v2\/types\/post"}],"replies":[{"embeddable":true,"href":"https:\/\/jeffersonisac.adv.br\/index.php\/wp-json\/wp\/v2\/comments?post=4126"}],"version-history":[{"count":0,"href":"https:\/\/jeffersonisac.adv.br\/index.php\/wp-json\/wp\/v2\/posts\/4126\/revisions"}],"wp:attachment":[{"href":"https:\/\/jeffersonisac.adv.br\/index.php\/wp-json\/wp\/v2\/media?parent=4126"}],"wp:term":[{"taxonomy":"category","embeddable":true,"href":"https:\/\/jeffersonisac.adv.br\/index.php\/wp-json\/wp\/v2\/categories?post=4126"},{"taxonomy":"post_tag","embeddable":true,"href":"https:\/\/jeffersonisac.adv.br\/index.php\/wp-json\/wp\/v2\/tags?post=4126"}],"curies":[{"name":"wp","href":"https:\/\/api.w.org\/{rel}","templated":true}]}}