{"id":4131,"date":"2023-12-19T16:29:20","date_gmt":"2023-12-19T19:29:20","guid":{"rendered":"https:\/\/jeffersonisac.adv.br\/index.php\/2023\/12\/19\/comissao-aprova-projeto-que-apoia-empreendedorismo-de-pessoas-com-deficiencia\/"},"modified":"2023-12-19T16:29:20","modified_gmt":"2023-12-19T19:29:20","slug":"comissao-aprova-projeto-que-apoia-empreendedorismo-de-pessoas-com-deficiencia","status":"publish","type":"post","link":"https:\/\/jeffersonisac.adv.br\/index.php\/2023\/12\/19\/comissao-aprova-projeto-que-apoia-empreendedorismo-de-pessoas-com-deficiencia\/","title":{"rendered":"Comiss\u00e3o aprova projeto que apoia empreendedorismo de pessoas com defici\u00eancia"},"content":{"rendered":"<div class=\"image-container\">\n<div class=\"midia-creditos\"><em>Zeca Ribeiro<\/em><\/div>\n<div class=\"media-wrapper\"><\/div>\n<div class=\"midia-legenda\">O relator da proposta, deputado Helder Salom\u00e3o<\/div>\n<\/div>\n<p><span>A Comiss\u00e3o de Constitui\u00e7\u00e3o e Justi\u00e7a e de Cidadania da C\u00e2mara dos Deputados aprovou projeto de lei que prev\u00ea incentivo ao empreendedorismo como uma medida de apoio a pessoas com defici\u00eancia. A proposta altera a <a class=\"linkLegislacao\" href=\"https:\/\/www2.camara.gov.br\/legin\/fed\/lei\/1989\/lei-7853-24-outubro-1989-365493-norma-pl.html\">Pol\u00edtica Nacional para a Integra\u00e7\u00e3o da Pessoa com Defici\u00eancia<\/a>.<\/span><\/p>\n<p><span>Por recomenda\u00e7\u00e3o do relator, deputado Helder Salom\u00e3o (PT-ES), o texto aprovado foi o <a href=\"https:\/\/www.camara.leg.br\/noticias\/574978-COMISSAO-APROVA-INCENTIVO-AO-EMPREENDEDORISMO-DE-PESSOAS-COM-DEFICIENCIA\">substitutivo da Comiss\u00e3o de Defesa dos Direitos das Pessoas com Defici\u00eancia<\/a> ao <a class=\"linkProposicao\" href=\"https:\/\/www.camara.leg.br\/noticias\/226467-projeto-apoia-empreendedorismo-de-pessoas-com-deficiencia\">Projeto de Lei 1784\/11<\/a>, do Senado. <\/span><\/p>\n<p><span>Salom\u00e3o apresentou uma subemenda que alterou apenas aspectos t\u00e9cnicos do texto, substituindo, por exemplo, o termo \u201cpessoa portadora de defici\u00eancia\u201d por \u201cpessoa com defici\u00eancia\u201d.\u00a0<\/span><\/p>\n<p><span>Conforme o texto aprovado, o Poder P\u00fablico dever\u00e1 incentivar a\u00e7\u00f5es para promover o empreendedorismo e estabelecer linhas de cr\u00e9dito voltadas especificamente para pessoas com defici\u00eancia.<\/span><\/p>\n<p><span><strong>Centros para vida independente<\/strong><br \/>\nA proposta tamb\u00e9m determina que <\/span><span>\u00f3rg\u00e3os e entidades da administra\u00e7\u00e3o direta e indireta, na \u00e1rea da assist\u00eancia social, <\/span><span>criem centros para a vida independente para atender pessoas com defici\u00eancia a partir de 18 anos. <\/span><\/p>\n<p><span>Esses locais dever\u00e3o ter car\u00e1ter multidisciplinar, oferecer servi\u00e7os para desenvolver a autonomia e talentos, e garantir o acesso a pol\u00edticas p\u00fablicas que contribuam para a plena participa\u00e7\u00e3o social, em igualdade de condi\u00e7\u00f5es com as demais pessoas.\u00a0<\/span><\/p>\n<p><span>Esses centros dever\u00e3o ainda:\u00a0<\/span><\/p>\n<p><span>cumprir as normas de acessibilidade vigentes em todos os ambientes e servi\u00e7os;<\/span><br \/>\n<span>funcionar em dias \u00fateis, em hor\u00e1rio integral;<\/span><br \/>\n<span>oferecer vagas compat\u00edveis com a demanda local;<\/span><br \/>\n<span>desenvolver planos individualizados de servi\u00e7os e apoios compat\u00edveis com as necessidades e aspira\u00e7\u00f5es espec\u00edficas de cada pessoa com defici\u00eancia.\u00a0<\/span><\/p>\n<p><span><strong>Tramita\u00e7\u00e3o<br \/>\n<\/strong>Como o projeto foi alterado pelos deputados ter\u00e1 que ser analisado novamente pelos senadores. Por tramitar <\/span><span>em <span class=\"termoGlossario\">car\u00e1ter conclusivo<\/span>, a proposta poder\u00e1 retornar ao Senado em seguida, a menos que haja recurso para vot\u00e1-la no Plen\u00e1rio da C\u00e2mara.<\/span><\/p>\n<p><a href=\"https:\/\/www.camara.leg.br\/noticias\/573454-SAIBA-MAIS-SOBRE-A-TRAMITACAO-DE-PROJETOS-DE-LEI\">Saiba mais sobre a tramita\u00e7\u00e3o de projetos de lei<\/a><\/p>","protected":false},"excerpt":{"rendered":"<p>Zeca Ribeiro O relator da proposta, deputado Helder Salom\u00e3o A Comiss\u00e3o de Constitui\u00e7\u00e3o e Justi\u00e7a e de Cidadania da C\u00e2mara dos Deputados aprovou projeto de lei que prev\u00ea incentivo ao empreendedorismo como uma medida de apoio a pessoas com defici\u00eancia. A proposta altera a Pol\u00edtica Nacional para a Integra\u00e7\u00e3o da Pessoa com Defici\u00eancia. Por recomenda\u00e7\u00e3o [&hellip;]<\/p>\n","protected":false},"author":0,"featured_media":0,"comment_status":"open","ping_status":"open","sticky":false,"template":"","format":"standard","meta":{"footnotes":""},"categories":[1],"tags":[],"_links":{"self":[{"href":"https:\/\/jeffersonisac.adv.br\/index.php\/wp-json\/wp\/v2\/posts\/4131"}],"collection":[{"href":"https:\/\/jeffersonisac.adv.br\/index.php\/wp-json\/wp\/v2\/posts"}],"about":[{"href":"https:\/\/jeffersonisac.adv.br\/index.php\/wp-json\/wp\/v2\/types\/post"}],"replies":[{"embeddable":true,"href":"https:\/\/jeffersonisac.adv.br\/index.php\/wp-json\/wp\/v2\/comments?post=4131"}],"version-history":[{"count":0,"href":"https:\/\/jeffersonisac.adv.br\/index.php\/wp-json\/wp\/v2\/posts\/4131\/revisions"}],"wp:attachment":[{"href":"https:\/\/jeffersonisac.adv.br\/index.php\/wp-json\/wp\/v2\/media?parent=4131"}],"wp:term":[{"taxonomy":"category","embeddable":true,"href":"https:\/\/jeffersonisac.adv.br\/index.php\/wp-json\/wp\/v2\/categories?post=4131"},{"taxonomy":"post_tag","embeddable":true,"href":"https:\/\/jeffersonisac.adv.br\/index.php\/wp-json\/wp\/v2\/tags?post=4131"}],"curies":[{"name":"wp","href":"https:\/\/api.w.org\/{rel}","templated":true}]}}