{"id":4139,"date":"2023-12-19T21:41:16","date_gmt":"2023-12-20T00:41:16","guid":{"rendered":"https:\/\/jeffersonisac.adv.br\/index.php\/2023\/12\/19\/camara-confirma-aprovacao-do-marco-regulatorio-do-fomento-a-cultura-acompanhe\/"},"modified":"2023-12-19T21:41:16","modified_gmt":"2023-12-20T00:41:16","slug":"camara-confirma-aprovacao-do-marco-regulatorio-do-fomento-a-cultura-acompanhe","status":"publish","type":"post","link":"https:\/\/jeffersonisac.adv.br\/index.php\/2023\/12\/19\/camara-confirma-aprovacao-do-marco-regulatorio-do-fomento-a-cultura-acompanhe\/","title":{"rendered":"C\u00e2mara confirma aprova\u00e7\u00e3o do marco regulat\u00f3rio do fomento \u00e0 cultura; acompanhe"},"content":{"rendered":"<div class=\"image-container\">\n<div class=\"midia-creditos\"><em>Zeca Ribeiro\/C\u00e2mara dos Deputados<\/em><\/div>\n<div class=\"media-wrapper\"><\/div>\n<div class=\"midia-legenda\">Sess\u00e3o do Plen\u00e1rio desta ter\u00e7a-feira<\/div>\n<\/div>\n<p>A C\u00e2mara dos Deputados confirmou a aprova\u00e7\u00e3o <span class=\"termoGlossario\">conclusiva<\/span> do projeto que cria o marco regulat\u00f3rio do fomento \u00e0 cultura no \u00e2mbito da administra\u00e7\u00e3o p\u00fablica da Uni\u00e3o, dos estados, do Distrito Federal e dos munic\u00edpios. Com a decis\u00e3o, o Projeto de Lei 3905\/21 seguir\u00e1 para o Senado.<\/p>\n<p>Nesta ter\u00e7a-feira (19), foi rejeitado em Plen\u00e1rio o recurso contra a vota\u00e7\u00e3o conclusiva pela Comiss\u00e3o de Constitui\u00e7\u00e3o e Justi\u00e7a e de Cidadania (CCJ), que <a href=\"https:\/\/www.camara.leg.br\/noticias\/1007807-CCJ-APROVA-MARCO-REGULATORIO-DE-FOMENTO-A-CULTURA\">aprovou o projeto em outubro deste ano<\/a>. De autoria da ex-deputada \u00c1urea Carolina (MG) e outros, o projeto seguiria diretamente para o Senado caso n\u00e3o fosse apresentado o recurso.<\/p>\n<p>O texto aprovado pela CCJ foi o <span class=\"termoGlossario\">substitutivo<\/span> da Comiss\u00e3o de Cultura. Segundo o texto, a execu\u00e7\u00e3o do regime pr\u00f3prio de fomento \u00e0 cultura poder\u00e1 contar com repasses da administra\u00e7\u00e3o p\u00fablica, nas categorias de execu\u00e7\u00e3o cultural, premia\u00e7\u00e3o cultural e bolsa cultural, ou mediante contrapartidas do setor privado, na forma dos termos de ocupa\u00e7\u00e3o cultural e de coopera\u00e7\u00e3o cultural.<\/p>\n<p>O texto aprovado prev\u00ea ainda regras para chamamento p\u00fablico, an\u00e1lise e sele\u00e7\u00e3o das iniciativas culturais. Em todas as hip\u00f3teses, a implementa\u00e7\u00e3o do regime pr\u00f3prio de fomento \u00e0 cultura dever\u00e1 garantir plena liberdade para a express\u00e3o art\u00edstica, intelectual, cultural e religiosa, respeitada a laicidade do Estado.<\/p>\n<p><strong>Mais informa\u00e7\u00f5es em instantes<\/strong><\/p>\n<p><a href=\"https:\/\/www.youtube.com\/watch?v=XNgZmELWC2Q\">Assista ao vivo<\/a><\/p>\n<p><a href=\"https:\/\/www.camara.leg.br\/noticias\/573454-SAIBA-MAIS-SOBRE-A-TRAMITACAO-DE-PROJETOS-DE-LEI\">Saiba mais sobre a tramita\u00e7\u00e3o de projetos de lei<\/a><\/p>","protected":false},"excerpt":{"rendered":"<p>Zeca Ribeiro\/C\u00e2mara dos Deputados Sess\u00e3o do Plen\u00e1rio desta ter\u00e7a-feira A C\u00e2mara dos Deputados confirmou a aprova\u00e7\u00e3o conclusiva do projeto que cria o marco regulat\u00f3rio do fomento \u00e0 cultura no \u00e2mbito da administra\u00e7\u00e3o p\u00fablica da Uni\u00e3o, dos estados, do Distrito Federal e dos munic\u00edpios. Com a decis\u00e3o, o Projeto de Lei 3905\/21 seguir\u00e1 para o Senado. [&hellip;]<\/p>\n","protected":false},"author":0,"featured_media":0,"comment_status":"open","ping_status":"open","sticky":false,"template":"","format":"standard","meta":{"footnotes":""},"categories":[1],"tags":[],"_links":{"self":[{"href":"https:\/\/jeffersonisac.adv.br\/index.php\/wp-json\/wp\/v2\/posts\/4139"}],"collection":[{"href":"https:\/\/jeffersonisac.adv.br\/index.php\/wp-json\/wp\/v2\/posts"}],"about":[{"href":"https:\/\/jeffersonisac.adv.br\/index.php\/wp-json\/wp\/v2\/types\/post"}],"replies":[{"embeddable":true,"href":"https:\/\/jeffersonisac.adv.br\/index.php\/wp-json\/wp\/v2\/comments?post=4139"}],"version-history":[{"count":0,"href":"https:\/\/jeffersonisac.adv.br\/index.php\/wp-json\/wp\/v2\/posts\/4139\/revisions"}],"wp:attachment":[{"href":"https:\/\/jeffersonisac.adv.br\/index.php\/wp-json\/wp\/v2\/media?parent=4139"}],"wp:term":[{"taxonomy":"category","embeddable":true,"href":"https:\/\/jeffersonisac.adv.br\/index.php\/wp-json\/wp\/v2\/categories?post=4139"},{"taxonomy":"post_tag","embeddable":true,"href":"https:\/\/jeffersonisac.adv.br\/index.php\/wp-json\/wp\/v2\/tags?post=4139"}],"curies":[{"name":"wp","href":"https:\/\/api.w.org\/{rel}","templated":true}]}}