{"id":4144,"date":"2023-12-20T00:33:28","date_gmt":"2023-12-20T03:33:28","guid":{"rendered":"https:\/\/jeffersonisac.adv.br\/index.php\/2023\/12\/20\/camara-aprova-projeto-que-unifica-vigencia-de-beneficios-fiscais-da-zona-franca-de-manaus\/"},"modified":"2023-12-20T00:33:28","modified_gmt":"2023-12-20T03:33:28","slug":"camara-aprova-projeto-que-unifica-vigencia-de-beneficios-fiscais-da-zona-franca-de-manaus","status":"publish","type":"post","link":"https:\/\/jeffersonisac.adv.br\/index.php\/2023\/12\/20\/camara-aprova-projeto-que-unifica-vigencia-de-beneficios-fiscais-da-zona-franca-de-manaus\/","title":{"rendered":"C\u00e2mara aprova projeto que unifica vig\u00eancia de benef\u00edcios fiscais da Zona Franca de Manaus"},"content":{"rendered":"<div class=\"image-container\">\n<div class=\"midia-creditos\"><em>Zeca Ribeiro\/C\u00e2mara dos Deputados<\/em><\/div>\n<div class=\"media-wrapper\"><\/div>\n<div class=\"midia-legenda\">Reginaldo Lopes, relator do projeto<\/div>\n<\/div>\n<p>A C\u00e2mara dos Deputados aprovou nesta ter\u00e7a-feira (19) projeto de lei que iguala a data de vig\u00eancia dos benef\u00edcios fiscais da Zona Franca de Manaus (ZFM) em lei ao previsto na Constitui\u00e7\u00e3o Federal. A proposta, de autoria do deputado Capit\u00e3o Alberto Neto (PL-AM), ser\u00e1 enviada ao Senado.<\/p>\n<p>O texto aprovado \u00e9 um <span class=\"termoGlossario\">substitutivo<\/span> do relator, deputado Reginaldo Lopes (PT-MG), ao Projeto de Lei 2673\/19. O texto aprovado prev\u00ea a extin\u00e7\u00e3o dos benef\u00edcios em 2074, data igual \u00e0 da Constitui\u00e7\u00e3o para esse regime fiscal diferenciado. As mudan\u00e7as s\u00e3o na <a class=\"linkLegislacao\" href=\"https:\/\/www2.camara.gov.br\/legin\/fed\/lei\/1997\/lei-9532-10-dezembro-1997-372088-norma-pl.html\">Lei 9.532\/97<\/a>.<\/p>\n<p>Para Alberto Neto, a regi\u00e3o Norte enfrenta muitas dificuldades. \u201c\u00c9 um projeto de Estado, prorrogando os incentivos da Zona Franca. S\u00e3o mais de 5 mil empresas na Amaz\u00f4nia ocidental\u201d, disse.<\/p>\n<p>O autor do projeto lembra que o <a class=\"linkLegislacao\" href=\"https:\/\/www2.camara.gov.br\/legin\/fed\/declei\/1960-1969\/decreto-lei-356-15-agosto-1968-376155-norma-pe.html\">Decreto-Lei 356\/68<\/a> estendeu alguns benef\u00edcios fiscais, como isen\u00e7\u00e3o do <span class=\"termoGlossario\">Imposto de Importa\u00e7\u00e3o<\/span> e do Imposto sobre Produtos Industrializados (<span class=\"termoGlossario\">IPI<\/span>) para bens de produ\u00e7\u00e3o e de consumo e aos g\u00eaneros de primeira necessidade de origem estrangeira a munic\u00edpios da Amaz\u00f4nia Ocidental, abrangendo produtos como motores mar\u00edtimos de centro e de popa, seus acess\u00f3rios e pertences e outros utens\u00edlios empregados na atividade pesqueira.<\/p>\n<p><a href=\"https:\/\/www.camara.leg.br\/noticias\/573454-SAIBA-MAIS-SOBRE-A-TRAMITACAO-DE-PROJETOS-DE-LEI\">Saiba mais sobre a tramita\u00e7\u00e3o de projetos de lei<\/a><\/p>","protected":false},"excerpt":{"rendered":"<p>Zeca Ribeiro\/C\u00e2mara dos Deputados Reginaldo Lopes, relator do projeto A C\u00e2mara dos Deputados aprovou nesta ter\u00e7a-feira (19) projeto de lei que iguala a data de vig\u00eancia dos benef\u00edcios fiscais da Zona Franca de Manaus (ZFM) em lei ao previsto na Constitui\u00e7\u00e3o Federal. A proposta, de autoria do deputado Capit\u00e3o Alberto Neto (PL-AM), ser\u00e1 enviada ao [&hellip;]<\/p>\n","protected":false},"author":0,"featured_media":0,"comment_status":"open","ping_status":"open","sticky":false,"template":"","format":"standard","meta":{"footnotes":""},"categories":[1],"tags":[],"_links":{"self":[{"href":"https:\/\/jeffersonisac.adv.br\/index.php\/wp-json\/wp\/v2\/posts\/4144"}],"collection":[{"href":"https:\/\/jeffersonisac.adv.br\/index.php\/wp-json\/wp\/v2\/posts"}],"about":[{"href":"https:\/\/jeffersonisac.adv.br\/index.php\/wp-json\/wp\/v2\/types\/post"}],"replies":[{"embeddable":true,"href":"https:\/\/jeffersonisac.adv.br\/index.php\/wp-json\/wp\/v2\/comments?post=4144"}],"version-history":[{"count":0,"href":"https:\/\/jeffersonisac.adv.br\/index.php\/wp-json\/wp\/v2\/posts\/4144\/revisions"}],"wp:attachment":[{"href":"https:\/\/jeffersonisac.adv.br\/index.php\/wp-json\/wp\/v2\/media?parent=4144"}],"wp:term":[{"taxonomy":"category","embeddable":true,"href":"https:\/\/jeffersonisac.adv.br\/index.php\/wp-json\/wp\/v2\/categories?post=4144"},{"taxonomy":"post_tag","embeddable":true,"href":"https:\/\/jeffersonisac.adv.br\/index.php\/wp-json\/wp\/v2\/tags?post=4144"}],"curies":[{"name":"wp","href":"https:\/\/api.w.org\/{rel}","templated":true}]}}